{"id":169,"date":"2014-03-17T18:05:14","date_gmt":"2014-03-17T17:05:14","guid":{"rendered":"http:\/\/psicologo.trieste.it\/?p=169"},"modified":"2015-04-17T17:12:34","modified_gmt":"2015-04-17T15:12:34","slug":"citazioni-marzo","status":"publish","type":"post","link":"https:\/\/psicologo.trieste.it\/en\/eventi-citazioni\/citazioni-marzo","title":{"rendered":"March quotes"},"content":{"rendered":"<p><span style=\"color: #3366ff;\"><span style=\"color: #808000;\">* <span style=\"text-decoration: underline;\">26 marzo<\/span><\/span><\/span><\/p>\n<p><span style=\"color: #808000;\">Se vuoi andare forte corri da solo. Se vuoi andare lontano corri in compagnia (detto africano).<\/span><\/p>\n<p>&nbsp;<\/p>\n<p><span style=\"color: #3366ff;\">* <span style=\"text-decoration: underline;\">25 marzo<\/span><\/span><\/p>\n<p><span style=\"color: #3366ff;\">Saper mettere in armonia i propri bisogni e le proprie capacit\u00e0, significa aver trovato la fonte pi\u00f9 feconda di ricchezze e di felicit\u00e0 (De Beuchene).<\/span><\/p>\n<p><span style=\"color: #339966;\"><span style=\"font-family: Georgia;\">\u00a0<\/span><\/span><\/p>\n<p><span style=\"color: #339966;\">* <span style=\"text-decoration: underline;\">24 marzo<\/span><\/span><\/p>\n<p><span style=\"color: #339966;\">Il primo passo lo potete fare solamente voi decidendo di voler diventare felici (I. Bersenda).<\/span><\/p>\n<p><span style=\"color: #33cccc;\">\u00a0<\/span><\/p>\n<p><span style=\"color: #33cccc;\">* <span style=\"text-decoration: underline;\">23 marzo<\/span><\/span><\/p>\n<p><span style=\"color: #33cccc;\">Alla ricerca dell&#8217;equilibrio perduto o di un equilibrio? E poi cosa intendiamo veramente quando parliamo di equilibrio? (I. Bersenda)<\/span><\/p>\n<p><span style=\"color: #ff00ff;\">\u00a0<\/span><\/p>\n<p><span style=\"color: #ff9900;\">* <span style=\"text-decoration: underline;\">22 marzo<\/span><\/span><\/p>\n<p><span style=\"color: #ff9900;\">La musica \u00e8 l&#8217;armonia dell&#8217;anima (A. Baricco)<\/span><\/p>\n<p>&nbsp;<\/p>\n<p><span style=\"color: #ff00ff;\">* <span style=\"text-decoration: underline;\">21 marzo<\/span><\/span><\/p>\n<p><span style=\"color: #ff00ff;\">Ogni tanto vale la pensa &#8220;staccare&#8221; e dedicare un po&#8217; di tempo solamente a se stessi (I. Bersenda).<\/span><\/p>\n<p><span style=\"color: #ff00ff;\">\u00a0<\/span><\/p>\n<p>* <span style=\"text-decoration: underline;\">20 marzo<\/span><\/p>\n<p>Le riviste possono essere la guida per aiutarci nella scelta dell&#8217;abbigliamento, la differenza per\u00f2 la fa il singolo con il proprio stile (I. Bersenda; Foto Francesco Barca copyright).<\/p>\n<p><img loading=\"lazy\" decoding=\"async\" src=\"http:\/\/psicologo.trieste.it\/wp-content\/uploads\/2014\/03\/74694_10200431699423875_1028811587_n.jpg\" alt=\"\" width=\"456\" height=\"342\" \/><\/p>\n<p><span style=\"color: #ff0000;\">* <span style=\"text-decoration: underline;\">19 marzo<\/span><\/span><\/p>\n<p><span style=\"color: #ff0000;\">Auguri a tutti i pap\u00e0! Un pensiero particolare anche a tutti quelli che invece vorrebbero esserlo! (I. Bersenda).<\/span><\/p>\n<p>&nbsp;<\/p>\n<p><span style=\"color: #339966;\">* <span style=\"text-decoration: underline;\">18 marzo<\/span><\/span><\/p>\n<p><span style=\"color: #339966;\">La pazienza messa troppe volte alla prova diventa rabbia (P. Siro).<\/span><\/p>\n<p>&nbsp;<\/p>\n<p>*<span style=\"text-decoration: underline;\"> <span style=\"color: #99cc00; text-decoration: underline;\">17 marzo<\/span><\/span><\/p>\n<p><span style=\"color: #99cc00;\">\u00c8 pi\u00f9 facile di quanto si creda odiarsi. La grazia \u00e8 dimenticare (G. Bernanos).<\/span><\/p>\n<p>&nbsp;<\/p>\n<p><span style=\"color: #ff0000;\">* <span style=\"text-decoration: underline;\">16 marzo<\/span><\/span><\/p>\n<p><span style=\"color: #ff0000;\">Il percorso terapeutico pu\u00f2 aiutare a ridurre lo stress, il sovraccarico e il malessere (I. Bersenda).<\/span><\/p>\n<p>&nbsp;<\/p>\n<p><span style=\"color: #33cccc;\">* <span style=\"text-decoration: underline;\">15 marzo<\/span><\/span><\/p>\n<p><span style=\"color: #33cccc;\">E&#8217; importante coltivare le giuste amicizie (I. Bersenda).<\/span><\/p>\n<p>&nbsp;<\/p>\n<p><span style=\"color: #99ccff;\">*<span style=\"text-decoration: underline;\"> 14 marzo<\/span><\/span><\/p>\n<p><span style=\"color: #99ccff;\">Condividete con gli altri le vostre passioni (I. Bersenda).<\/span><\/p>\n<p>&nbsp;<\/p>\n<p>* <span style=\"text-decoration: underline;\">13 marzo<\/span><\/p>\n<p>Sbizzarrite la vostra creativit\u00e0 provando nuove ricette culinarie (I. Bersenda).<\/p>\n<p>&nbsp;<\/p>\n<p><span style=\"color: #ff6600;\">* <span style=\"text-decoration: underline;\">12 marzo<\/span><\/span><\/p>\n<p><span style=\"color: #ff6600;\">Gli animali permettono di vivere pi\u00f9 pienamente la vita\u00a0 (I. Bersenda).<\/span><\/p>\n<p>&nbsp;<\/p>\n<p><span style=\"color: #008080;\">* 11 marzo<\/span><\/p>\n<p><span style=\"color: #008080;\">L&#8217;Importanza di ascoltarsi (I. Bersenda).<\/span><\/p>\n<p>&nbsp;<\/p>\n<p><span style=\"color: #993366;\">* <span style=\"text-decoration: underline;\">10 marzo<\/span><\/span><\/p>\n<p><span style=\"color: #993366;\">L&#8217;unica cura per l&#8217;acne giovanile \u00e8 la vecchiaia (Tot\u00f2).<\/span><\/p>\n<p>&nbsp;<\/p>\n<p><span style=\"color: #cc99ff;\">* <span style=\"text-decoration: underline;\">09 marzo<\/span><\/span><\/p>\n<p><span style=\"color: #cc99ff;\">Trionfare sulla natura e su se stessi. Ma mai sugli altri (F. Skinner).<\/span><\/p>\n<p><span style=\"color: #cc99ff;\">\u00a0<\/span><\/p>\n<p><span style=\"color: #00ffff;\"><span style=\"color: #000000;\">*<\/span> <span style=\"color: #000000;\"><span style=\"text-decoration: underline;\">08 marzo<\/span><\/span><br \/>\n<\/span><\/p>\n<p>Oggi vanno onorate le donne che con il loro valori hanno portato avanti la richezza nel rispetto delle donne (I. Bersenda).<\/p>\n<p>&nbsp;<\/p>\n<p><span style=\"color: #ff00ff;\">* <span style=\"text-decoration: underline;\">07 marzo<\/span><\/span><\/p>\n<p><span style=\"color: #cc99ff;\"><span style=\"color: #ff00ff;\">Nessuno \u00e8 perfetto, \u00e8 per\u00f2 importante essere consapevoli dei propri punti di forza e di debolezza (I. Bersenda).<\/span><br \/>\n<\/span><\/p>\n<p>&nbsp;<\/p>\n<p><span style=\"color: #00ff00;\">* <span style=\"text-decoration: underline;\">06 marzo<\/span><\/span><\/p>\n<p><span style=\"color: #00ff00;\">Nella vita come sul tram quando ti siedi sei sul capolinea (C. Sbarbaro).<\/span><\/p>\n<p>&nbsp;<\/p>\n<p>* <span style=\"text-decoration: underline;\">05 marzo<\/span><\/p>\n<p>Affinch\u00e8 qualcosa arrivi \u00e8 necessario che qualcosa finisca. Non bisogna avere paura della fine. Perch\u00e8 ogni fine e&#8217; un nuovo inizio (anonimo).<\/p>\n<p>&nbsp;<\/p>\n<p><span style=\"color: #888888;\">* <span style=\"text-decoration: underline;\">04 marzo<\/span><\/span><\/p>\n<p><span style=\"color: #888888;\">L&#8217;atto di nascere \u00e8 la prima esperienza d&#8217;<span style=\"font-weight: bold;\">anxiety <\/span>e quindi la fonte e il prototipo della sensazione d&#8217;ansia (S. Freud).<\/span><\/p>\n<p>&nbsp;<\/p>\n<div id=\"stcpDiv\" class=\"mceItemVisualAid\" style=\"position: absolute; top: -1999px; left: -1988px;\">L&#8217;atto della nascita \u00e8 la prima esperienza d&#8217;ansia e quindi la fonte e il prototipo della sensazione d&#8217;ansia &#8211; See more at: http:\/\/www.ansia-psicoterapia.it\/ansia-aforismi.html#sthash.gEYfGVGb.dpuf<\/div>\n<div id=\"stcpDiv\" class=\"mceItemVisualAid\" style=\"position: absolute; top: -1999px; left: -1988px;\">L&#8217;atto della nascita \u00e8 la prima esperienza d&#8217;ansia e quindi la fonte e il prototipo della sensazione d&#8217;ansia &#8211; See more at: http:\/\/www.ansia-psicoterapia.it\/ansia-aforismi.html#sthash.gEYfGVGb.dpuf<\/div>\n<p><span style=\"color: #ff00ff;\">* <span style=\"text-decoration: underline;\">03 marzo<\/span><\/span><\/p>\n<p><span style=\"color: #ff00ff;\">E&#8217; importante sviluppare la &#8220;resilience&#8221; gi\u00e0 nei bambini piccoli (I. Bersenda).<\/span><\/p>\n<p>&nbsp;<\/p>\n<p><span style=\"color: #00ccff;\">* <span style=\"text-decoration: underline;\">02 marzo<\/span><\/span><\/p>\n<p><span style=\"color: #00ccff;\">Non sempre le cose che ci avvengono ci sembrano giuste, ma \u00e8 importante cercare di <span style=\"font-weight: bold;\">understand <\/span>come mai ci sono avvenute (I. Bersenda).<\/span><\/p>\n<p>&nbsp;<\/p>\n<p><span style=\"color: #800080;\">* <span style=\"text-decoration: underline;\">01 marzo<\/span><\/span><\/p>\n<p><span style=\"color: #800080;\">Ho pianto ho sorriso ho sbagliato ho fatto di testa mia! Adesso cammino a testa alta. Qualcuno mi ama, qualcuno mi odia ed io; beh, io sto benissimo (A. Hepburn).<\/span><\/p>\n<p><span style=\"color: #800080;\">\u00a0<\/span><\/p>","protected":false},"excerpt":{"rendered":"<p>* 26 marzo Se vuoi andare forte corri da solo. Se vuoi andare lontano corri in compagnia (detto africano). &nbsp; * 25 marzo Saper mettere in armonia i propri bisogni e le proprie capacit\u00e0, significa aver trovato la fonte pi\u00f9 feconda di ricchezze e di felicit\u00e0 (De Beuchene). \u00a0 * 24 marzo Il primo passo [&hellip;]<\/p>\n","protected":false},"author":1,"featured_media":168,"comment_status":"closed","ping_status":"open","sticky":false,"template":"","format":"standard","meta":{"footnotes":""},"categories":[12],"tags":[288,317,319,96,38,314,316,315,318,43,29],"class_list":["post-169","post","type-post","status-publish","format-standard","has-post-thumbnail","category-eventi-citazioni","tag-288","tag-amicizia","tag-arpista-erika-bersenda","tag-benessere","tag-bersenda","tag-citazioni-psicologia","tag-francesco-barca","tag-marzo-2014","tag-passioni","tag-psicologa-trieste","tag-psicoterapeuta-trieste","czr-hentry"],"aioseo_notices":[],"aioseo_head":"\n\t\t<!-- All in One SEO 5.0.0.1 - aioseo.com -->\n\t<meta name=\"description\" content=\"* 26 marzo Se vuoi andare forte corri da solo. Se vuoi andare lontano corri in compagnia (detto africano). * 25 marzo Saper mettere in armonia i propri bisogni e le proprie capacit\u00e0, significa aver trovato la fonte pi\u00f9 feconda di ricchezze e di felicit\u00e0 (De Beuchene). * 24 marzo Il primo passo\" \/>\n\t<meta name=\"robots\" content=\"max-image-preview:large\" \/>\n\t<meta name=\"author\" content=\"idt-adm-b382ee\"\/>\n\t<link rel=\"canonical\" href=\"https:\/\/psicologo.trieste.it\/en\/eventi-citazioni\/citazioni-marzo\" \/>\n\t<meta name=\"generator\" content=\"All in One SEO (AIOSEO) 5.0.0.1\" \/>\n\t\t<meta property=\"og:locale\" content=\"en_US\" \/>\n\t\t<meta property=\"og:site_name\" content=\"Psicologo Trieste |\" \/>\n\t\t<meta property=\"og:type\" content=\"article\" \/>\n\t\t<meta property=\"og:title\" content=\"Citazioni marzo | Psicologo Trieste\" \/>\n\t\t<meta property=\"og:description\" content=\"* 26 marzo Se vuoi andare forte corri da solo. Se vuoi andare lontano corri in compagnia (detto africano). * 25 marzo Saper mettere in armonia i propri bisogni e le proprie capacit\u00e0, significa aver trovato la fonte pi\u00f9 feconda di ricchezze e di felicit\u00e0 (De Beuchene). * 24 marzo Il primo passo\" \/>\n\t\t<meta property=\"og:url\" content=\"https:\/\/psicologo.trieste.it\/en\/eventi-citazioni\/citazioni-marzo\" \/>\n\t\t<meta property=\"article:published_time\" content=\"2014-03-17T17:05:14+00:00\" \/>\n\t\t<meta property=\"article:modified_time\" content=\"2015-04-17T15:12:34+00:00\" \/>\n\t\t<meta name=\"twitter:card\" content=\"summary\" \/>\n\t\t<meta name=\"twitter:title\" content=\"Citazioni marzo | Psicologo Trieste\" \/>\n\t\t<meta name=\"twitter:description\" content=\"* 26 marzo Se vuoi andare forte corri da solo. Se vuoi andare lontano corri in compagnia (detto africano). * 25 marzo Saper mettere in armonia i propri bisogni e le proprie capacit\u00e0, significa aver trovato la fonte pi\u00f9 feconda di ricchezze e di felicit\u00e0 (De Beuchene). * 24 marzo Il primo passo\" \/>\n\t\t<script type=\"application\/ld+json\" class=\"aioseo-schema\">\n\t\t\t{\"@context\":\"https:\\\/\\\/schema.org\",\"@graph\":[{\"@type\":\"Article\",\"@id\":\"https:\\\/\\\/psicologo.trieste.it\\\/en\\\/eventi-citazioni\\\/citazioni-marzo#article\",\"name\":\"Citazioni marzo | Psicologo Trieste\",\"headline\":\"Citazioni marzo\",\"author\":{\"@id\":\"https:\\\/\\\/psicologo.trieste.it\\\/en\\\/author\\\/idt-adm-b382ee#author\"},\"publisher\":{\"@id\":\"https:\\\/\\\/psicologo.trieste.it\\\/en\\\/#organization\"},\"image\":{\"@type\":\"ImageObject\",\"url\":\"https:\\\/\\\/psicologo.trieste.it\\\/wp-content\\\/uploads\\\/2014\\\/03\\\/74694_10200431699423875_1028811587_n.jpg\",\"width\":960,\"height\":720},\"datePublished\":\"2014-03-17T18:05:14+01:00\",\"dateModified\":\"2015-04-17T17:12:34+02:00\",\"inLanguage\":\"en-US\",\"mainEntityOfPage\":{\"@id\":\"https:\\\/\\\/psicologo.trieste.it\\\/en\\\/eventi-citazioni\\\/citazioni-marzo#webpage\"},\"isPartOf\":{\"@id\":\"https:\\\/\\\/psicologo.trieste.it\\\/en\\\/eventi-citazioni\\\/citazioni-marzo#webpage\"},\"articleSection\":\"Eventi e Citazioni, 2015, amicizia, arpista erika bersenda, benessere, bersenda, citazioni psicologia, francesco barca, marzo 2014, passioni, psicologa trieste, psicoterapeuta trieste\"},{\"@type\":\"BreadcrumbList\",\"@id\":\"https:\\\/\\\/psicologo.trieste.it\\\/en\\\/eventi-citazioni\\\/citazioni-marzo#breadcrumblist\",\"itemListElement\":[{\"@type\":\"ListItem\",\"@id\":\"https:\\\/\\\/psicologo.trieste.it\\\/en#listItem\",\"position\":1,\"name\":\"Home\",\"item\":\"https:\\\/\\\/psicologo.trieste.it\\\/en\",\"nextItem\":{\"@type\":\"ListItem\",\"@id\":\"https:\\\/\\\/psicologo.trieste.it\\\/en\\\/category\\\/eventi-citazioni#listItem\",\"name\":\"Eventi e Citazioni\"}},{\"@type\":\"ListItem\",\"@id\":\"https:\\\/\\\/psicologo.trieste.it\\\/en\\\/category\\\/eventi-citazioni#listItem\",\"position\":2,\"name\":\"Eventi e Citazioni\",\"item\":\"https:\\\/\\\/psicologo.trieste.it\\\/en\\\/category\\\/eventi-citazioni\",\"nextItem\":{\"@type\":\"ListItem\",\"@id\":\"https:\\\/\\\/psicologo.trieste.it\\\/en\\\/eventi-citazioni\\\/citazioni-marzo#listItem\",\"name\":\"Citazioni marzo\"},\"previousItem\":{\"@type\":\"ListItem\",\"@id\":\"https:\\\/\\\/psicologo.trieste.it\\\/en#listItem\",\"name\":\"Home\"}},{\"@type\":\"ListItem\",\"@id\":\"https:\\\/\\\/psicologo.trieste.it\\\/en\\\/eventi-citazioni\\\/citazioni-marzo#listItem\",\"position\":3,\"name\":\"Citazioni marzo\",\"previousItem\":{\"@type\":\"ListItem\",\"@id\":\"https:\\\/\\\/psicologo.trieste.it\\\/en\\\/category\\\/eventi-citazioni#listItem\",\"name\":\"Eventi e Citazioni\"}}]},{\"@type\":\"Organization\",\"@id\":\"https:\\\/\\\/psicologo.trieste.it\\\/en\\\/#organization\",\"name\":\"Psicologo Trieste\",\"url\":\"https:\\\/\\\/psicologo.trieste.it\\\/en\\\/\"},{\"@type\":\"Person\",\"@id\":\"https:\\\/\\\/psicologo.trieste.it\\\/en\\\/author\\\/idt-adm-b382ee#author\",\"url\":\"https:\\\/\\\/psicologo.trieste.it\\\/en\\\/author\\\/idt-adm-b382ee\",\"name\":\"idt-adm-b382ee\",\"image\":{\"@type\":\"ImageObject\",\"@id\":\"https:\\\/\\\/psicologo.trieste.it\\\/en\\\/eventi-citazioni\\\/citazioni-marzo#authorImage\",\"url\":\"https:\\\/\\\/secure.gravatar.com\\\/avatar\\\/ffb2ce3998f5d3426dd6ebd3b61243623cbfbc28474e722b4aeeae30f549599d?s=96&d=mm&r=g\",\"width\":96,\"height\":96,\"caption\":\"idt-adm-b382ee\"}},{\"@type\":\"WebPage\",\"@id\":\"https:\\\/\\\/psicologo.trieste.it\\\/en\\\/eventi-citazioni\\\/citazioni-marzo#webpage\",\"url\":\"https:\\\/\\\/psicologo.trieste.it\\\/en\\\/eventi-citazioni\\\/citazioni-marzo\",\"name\":\"Citazioni marzo | Psicologo Trieste\",\"description\":\"* 26 marzo Se vuoi andare forte corri da solo. Se vuoi andare lontano corri in compagnia (detto africano). * 25 marzo Saper mettere in armonia i propri bisogni e le proprie capacit\\u00e0, significa aver trovato la fonte pi\\u00f9 feconda di ricchezze e di felicit\\u00e0 (De Beuchene). * 24 marzo Il primo passo\",\"inLanguage\":\"en-US\",\"isPartOf\":{\"@id\":\"https:\\\/\\\/psicologo.trieste.it\\\/en\\\/#website\"},\"breadcrumb\":{\"@id\":\"https:\\\/\\\/psicologo.trieste.it\\\/en\\\/eventi-citazioni\\\/citazioni-marzo#breadcrumblist\"},\"author\":{\"@id\":\"https:\\\/\\\/psicologo.trieste.it\\\/en\\\/author\\\/idt-adm-b382ee#author\"},\"creator\":{\"@id\":\"https:\\\/\\\/psicologo.trieste.it\\\/en\\\/author\\\/idt-adm-b382ee#author\"},\"image\":{\"@type\":\"ImageObject\",\"url\":\"https:\\\/\\\/psicologo.trieste.it\\\/wp-content\\\/uploads\\\/2014\\\/03\\\/74694_10200431699423875_1028811587_n.jpg\",\"@id\":\"https:\\\/\\\/psicologo.trieste.it\\\/en\\\/eventi-citazioni\\\/citazioni-marzo\\\/#mainImage\",\"width\":960,\"height\":720},\"primaryImageOfPage\":{\"@id\":\"https:\\\/\\\/psicologo.trieste.it\\\/en\\\/eventi-citazioni\\\/citazioni-marzo#mainImage\"},\"datePublished\":\"2014-03-17T18:05:14+01:00\",\"dateModified\":\"2015-04-17T17:12:34+02:00\"},{\"@type\":\"WebSite\",\"@id\":\"https:\\\/\\\/psicologo.trieste.it\\\/en\\\/#website\",\"url\":\"https:\\\/\\\/psicologo.trieste.it\\\/en\\\/\",\"name\":\"Psicologo Trieste\",\"inLanguage\":\"en-US\",\"publisher\":{\"@id\":\"https:\\\/\\\/psicologo.trieste.it\\\/en\\\/#organization\"}}]}\n\t\t<\/script>\n\t\t<!-- All in One SEO -->\n\n","aioseo_head_json":{"title":"Citazioni marzo | Psicologo Trieste","description":"* 26 marzo Se vuoi andare forte corri da solo. Se vuoi andare lontano corri in compagnia (detto africano). * 25 marzo Saper mettere in armonia i propri bisogni e le proprie capacit\u00e0, significa aver trovato la fonte pi\u00f9 feconda di ricchezze e di felicit\u00e0 (De Beuchene). * 24 marzo Il primo passo","canonical_url":"https:\/\/psicologo.trieste.it\/en\/eventi-citazioni\/citazioni-marzo","robots":"max-image-preview:large","keywords":"","webmasterTools":{"miscellaneous":""},"schema":{"@context":"https:\/\/schema.org","@graph":[{"@type":"Article","@id":"https:\/\/psicologo.trieste.it\/en\/eventi-citazioni\/citazioni-marzo#article","name":"Citazioni marzo | Psicologo Trieste","headline":"Citazioni marzo","author":{"@id":"https:\/\/psicologo.trieste.it\/en\/author\/idt-adm-b382ee#author"},"publisher":{"@id":"https:\/\/psicologo.trieste.it\/en\/#organization"},"image":{"@type":"ImageObject","url":"https:\/\/psicologo.trieste.it\/wp-content\/uploads\/2014\/03\/74694_10200431699423875_1028811587_n.jpg","width":960,"height":720},"datePublished":"2014-03-17T18:05:14+01:00","dateModified":"2015-04-17T17:12:34+02:00","inLanguage":"en-US","mainEntityOfPage":{"@id":"https:\/\/psicologo.trieste.it\/en\/eventi-citazioni\/citazioni-marzo#webpage"},"isPartOf":{"@id":"https:\/\/psicologo.trieste.it\/en\/eventi-citazioni\/citazioni-marzo#webpage"},"articleSection":"Eventi e Citazioni, 2015, amicizia, arpista erika bersenda, benessere, bersenda, citazioni psicologia, francesco barca, marzo 2014, passioni, psicologa trieste, psicoterapeuta trieste"},{"@type":"BreadcrumbList","@id":"https:\/\/psicologo.trieste.it\/en\/eventi-citazioni\/citazioni-marzo#breadcrumblist","itemListElement":[{"@type":"ListItem","@id":"https:\/\/psicologo.trieste.it\/en#listItem","position":1,"name":"Home","item":"https:\/\/psicologo.trieste.it\/en","nextItem":{"@type":"ListItem","@id":"https:\/\/psicologo.trieste.it\/en\/category\/eventi-citazioni#listItem","name":"Eventi e Citazioni"}},{"@type":"ListItem","@id":"https:\/\/psicologo.trieste.it\/en\/category\/eventi-citazioni#listItem","position":2,"name":"Eventi e Citazioni","item":"https:\/\/psicologo.trieste.it\/en\/category\/eventi-citazioni","nextItem":{"@type":"ListItem","@id":"https:\/\/psicologo.trieste.it\/en\/eventi-citazioni\/citazioni-marzo#listItem","name":"Citazioni marzo"},"previousItem":{"@type":"ListItem","@id":"https:\/\/psicologo.trieste.it\/en#listItem","name":"Home"}},{"@type":"ListItem","@id":"https:\/\/psicologo.trieste.it\/en\/eventi-citazioni\/citazioni-marzo#listItem","position":3,"name":"Citazioni marzo","previousItem":{"@type":"ListItem","@id":"https:\/\/psicologo.trieste.it\/en\/category\/eventi-citazioni#listItem","name":"Eventi e Citazioni"}}]},{"@type":"Organization","@id":"https:\/\/psicologo.trieste.it\/en\/#organization","name":"Psicologo Trieste","url":"https:\/\/psicologo.trieste.it\/en\/"},{"@type":"Person","@id":"https:\/\/psicologo.trieste.it\/en\/author\/idt-adm-b382ee#author","url":"https:\/\/psicologo.trieste.it\/en\/author\/idt-adm-b382ee","name":"idt-adm-b382ee","image":{"@type":"ImageObject","@id":"https:\/\/psicologo.trieste.it\/en\/eventi-citazioni\/citazioni-marzo#authorImage","url":"https:\/\/secure.gravatar.com\/avatar\/ffb2ce3998f5d3426dd6ebd3b61243623cbfbc28474e722b4aeeae30f549599d?s=96&d=mm&r=g","width":96,"height":96,"caption":"idt-adm-b382ee"}},{"@type":"WebPage","@id":"https:\/\/psicologo.trieste.it\/en\/eventi-citazioni\/citazioni-marzo#webpage","url":"https:\/\/psicologo.trieste.it\/en\/eventi-citazioni\/citazioni-marzo","name":"Citazioni marzo | Psicologo Trieste","description":"* 26 marzo Se vuoi andare forte corri da solo. Se vuoi andare lontano corri in compagnia (detto africano). * 25 marzo Saper mettere in armonia i propri bisogni e le proprie capacit\u00e0, significa aver trovato la fonte pi\u00f9 feconda di ricchezze e di felicit\u00e0 (De Beuchene). * 24 marzo Il primo passo","inLanguage":"en-US","isPartOf":{"@id":"https:\/\/psicologo.trieste.it\/en\/#website"},"breadcrumb":{"@id":"https:\/\/psicologo.trieste.it\/en\/eventi-citazioni\/citazioni-marzo#breadcrumblist"},"author":{"@id":"https:\/\/psicologo.trieste.it\/en\/author\/idt-adm-b382ee#author"},"creator":{"@id":"https:\/\/psicologo.trieste.it\/en\/author\/idt-adm-b382ee#author"},"image":{"@type":"ImageObject","url":"https:\/\/psicologo.trieste.it\/wp-content\/uploads\/2014\/03\/74694_10200431699423875_1028811587_n.jpg","@id":"https:\/\/psicologo.trieste.it\/en\/eventi-citazioni\/citazioni-marzo\/#mainImage","width":960,"height":720},"primaryImageOfPage":{"@id":"https:\/\/psicologo.trieste.it\/en\/eventi-citazioni\/citazioni-marzo#mainImage"},"datePublished":"2014-03-17T18:05:14+01:00","dateModified":"2015-04-17T17:12:34+02:00"},{"@type":"WebSite","@id":"https:\/\/psicologo.trieste.it\/en\/#website","url":"https:\/\/psicologo.trieste.it\/en\/","name":"Psicologo Trieste","inLanguage":"en-US","publisher":{"@id":"https:\/\/psicologo.trieste.it\/en\/#organization"}}]},"og:locale":"en_US","og:site_name":"Psicologo Trieste |","og:type":"article","og:title":"Citazioni marzo | Psicologo Trieste","og:description":"* 26 marzo Se vuoi andare forte corri da solo. Se vuoi andare lontano corri in compagnia (detto africano). * 25 marzo Saper mettere in armonia i propri bisogni e le proprie capacit\u00e0, significa aver trovato la fonte pi\u00f9 feconda di ricchezze e di felicit\u00e0 (De Beuchene). * 24 marzo Il primo passo","og:url":"https:\/\/psicologo.trieste.it\/en\/eventi-citazioni\/citazioni-marzo","article:published_time":"2014-03-17T17:05:14+00:00","article:modified_time":"2015-04-17T15:12:34+00:00","twitter:card":"summary","twitter:title":"Citazioni marzo | Psicologo Trieste","twitter:description":"* 26 marzo Se vuoi andare forte corri da solo. Se vuoi andare lontano corri in compagnia (detto africano). * 25 marzo Saper mettere in armonia i propri bisogni e le proprie capacit\u00e0, significa aver trovato la fonte pi\u00f9 feconda di ricchezze e di felicit\u00e0 (De Beuchene). * 24 marzo Il primo passo"},"aioseo_meta_data":{"post_id":"169","title":null,"description":null,"keywords":null,"keyphrases":null,"primary_term":null,"canonical_url":null,"og_title":null,"og_description":null,"og_object_type":"default","og_image_type":"default","og_image_url":null,"og_image_width":null,"og_image_height":null,"og_image_custom_url":null,"og_image_custom_fields":null,"og_video":null,"og_custom_url":null,"og_article_section":null,"og_article_tags":null,"twitter_use_og":false,"twitter_card":"default","twitter_image_type":"default","twitter_image_url":null,"twitter_image_custom_url":null,"twitter_image_custom_fields":null,"twitter_title":null,"twitter_description":null,"schema":{"blockGraphs":[],"customGraphs":[],"default":{"data":{"Article":[],"Course":[],"Dataset":[],"FAQPage":[],"Movie":[],"Person":[],"Product":[],"ProductReview":[],"Car":[],"Recipe":[],"Service":[],"SoftwareApplication":[],"WebPage":[]},"graphName":"Article","isEnabled":true},"graphs":[]},"schema_type":null,"schema_type_options":null,"pillar_content":false,"robots_default":true,"robots_noindex":false,"robots_noarchive":false,"robots_nosnippet":false,"robots_nofollow":false,"robots_noimageindex":false,"robots_noodp":false,"robots_notranslate":false,"robots_max_snippet":null,"robots_max_videopreview":null,"robots_max_imagepreview":"large","priority":null,"frequency":null,"local_seo":null,"breadcrumb_settings":null,"limit_modified_date":false,"ai":null,"created":"2021-08-18 12:00:33","updated":"2025-10-18 12:12:59","focus_keyword":null,"additional_keywords":null,"truseo_locale":null,"seo_analyzer_scan_date":null},"aioseo_breadcrumb":"<div class=\"aioseo-breadcrumbs\"><span class=\"aioseo-breadcrumb\">\n\t\t\t<a href=\"https:\/\/psicologo.trieste.it\/en\" title=\"Home\">Home<\/a>\n\t\t<\/span><span class=\"aioseo-breadcrumb-separator\">&raquo;<\/span><span class=\"aioseo-breadcrumb\">\n\t\t\t<a href=\"https:\/\/psicologo.trieste.it\/en\/category\/eventi-citazioni\" title=\"Eventi e Citazioni\">Eventi e Citazioni<\/a>\n\t\t<\/span><span class=\"aioseo-breadcrumb-separator\">&raquo;<\/span><span class=\"aioseo-breadcrumb\">\n\t\t\tCitazioni marzo\n\t\t<\/span><\/div>","aioseo_breadcrumb_json":[{"label":"Home","link":"https:\/\/psicologo.trieste.it\/en"},{"label":"Eventi e Citazioni","link":"https:\/\/psicologo.trieste.it\/en\/category\/eventi-citazioni"},{"label":"Citazioni marzo","link":"https:\/\/psicologo.trieste.it\/en\/eventi-citazioni\/citazioni-marzo"}],"_links":{"self":[{"href":"https:\/\/psicologo.trieste.it\/en\/wp-json\/wp\/v2\/posts\/169","targetHints":{"allow":["GET"]}}],"collection":[{"href":"https:\/\/psicologo.trieste.it\/en\/wp-json\/wp\/v2\/posts"}],"about":[{"href":"https:\/\/psicologo.trieste.it\/en\/wp-json\/wp\/v2\/types\/post"}],"author":[{"embeddable":true,"href":"https:\/\/psicologo.trieste.it\/en\/wp-json\/wp\/v2\/users\/1"}],"replies":[{"embeddable":true,"href":"https:\/\/psicologo.trieste.it\/en\/wp-json\/wp\/v2\/comments?post=169"}],"version-history":[{"count":3,"href":"https:\/\/psicologo.trieste.it\/en\/wp-json\/wp\/v2\/posts\/169\/revisions"}],"predecessor-version":[{"id":495,"href":"https:\/\/psicologo.trieste.it\/en\/wp-json\/wp\/v2\/posts\/169\/revisions\/495"}],"wp:featuredmedia":[{"embeddable":true,"href":"https:\/\/psicologo.trieste.it\/en\/wp-json\/wp\/v2\/media\/168"}],"wp:attachment":[{"href":"https:\/\/psicologo.trieste.it\/en\/wp-json\/wp\/v2\/media?parent=169"}],"wp:term":[{"taxonomy":"category","embeddable":true,"href":"https:\/\/psicologo.trieste.it\/en\/wp-json\/wp\/v2\/categories?post=169"},{"taxonomy":"post_tag","embeddable":true,"href":"https:\/\/psicologo.trieste.it\/en\/wp-json\/wp\/v2\/tags?post=169"}],"curies":[{"name":"wp","href":"https:\/\/api.w.org\/{rel}","templated":true}]}}