{"id":97,"date":"2010-08-03T22:01:38","date_gmt":"2010-08-03T20:01:38","guid":{"rendered":"http:\/\/psicologo.trieste.it\/?p=97"},"modified":"2015-02-03T14:32:12","modified_gmt":"2015-02-03T13:32:12","slug":"nagrada-ondina-barduzzi","status":"publish","type":"post","link":"https:\/\/psicologo.trieste.it\/en\/media-2\/nagrada-ondina-barduzzi","title":{"rendered":"Award Ondina Barduzzi"},"content":{"rendered":"<p><img loading=\"lazy\" decoding=\"async\" class=\" size-full wp-image-94\" src=\"http:\/\/psicologo.trieste.it\/wp-content\/uploads\/2010\/08\/www.arpa.veneto.it_educazione_sostenibilita_images_page_bnd_slovenia.gif\" border=\"0\" alt=\"bandiera Slovenia\" width=\"46\" height=\"30\" style=\"margin-left: 1%; margin-right: 1%;  vertical-align: top;\" \/> <a href=\"http:\/\/www.primorski.it\/stories\/trst\/127172_ingrid_bersenda_prejela_prvo_nagrado_ondina_barduzzi\/\">Novica  Primorskega dnevnika:<\/a><\/p>\n<h2><strong>INGRID BERSENDA prejela PRVO NAGRADO ONDINA BARDUZZI<\/strong><\/h2>\n<h3>Za diplomsko nalogo o prilagajanju otrok ji je priznanje izro\u010dila  predsednica Pokrajine Trst Maria Teresa Bassa Poropat.<\/h3>\n<p> <!-- PIEDE NOTIZIA --> <\/p>\n<div>\n<div id=\"dettaglio_notizia_testa\" style=\"float: right; vertical-align: top;\"><!-- AddThis Button BEGIN --> <script type=\"text\/javascript\">\/\/ <![CDATA[ \tvar addthis_pub=\"primorski\"; \tvar addthis_options = 'facebook, live, google, myspace, yahoobkm, more'; \tvar addthis_localize = {         share_caption: \"Dodaj v\", \t\tmore: \"Ostali\" }; \/\/ ]]><\/script> <script src=\"http:\/\/s7.addthis.com\/js\/200\/addthis_widget.js\" type=\"text\/javascript\"><\/script> <!-- AddThis Button END --><\/div>\n<\/p><\/div>\n<div id=\"dettaglio_notizia_img\"><a href=\"http:\/\/psicologo.trieste.it\/wp-content\/uploads\/2010\/08\/media.primorski.eu_media_2010_06_11265_178172_100629db02_1825828_medium.jpg\" title=\"Ingrid Bersenda na podelitvi nagrade  (KROMA)\"> <img loading=\"lazy\" decoding=\"async\" class=\" size-full wp-image-96\" src=\"http:\/\/psicologo.trieste.it\/wp-content\/uploads\/2010\/08\/media.primorski.eu_media_2010_06_11265_178172_100629db02_1825828_medium.jpg\" border=\"0\" width=\"600\" height=\"449\" srcset=\"https:\/\/psicologo.trieste.it\/wp-content\/uploads\/2010\/08\/media.primorski.eu_media_2010_06_11265_178172_100629db02_1825828_medium.jpg 600w, https:\/\/psicologo.trieste.it\/wp-content\/uploads\/2010\/08\/media.primorski.eu_media_2010_06_11265_178172_100629db02_1825828_medium-300x224.jpg 300w\" sizes=\"auto, (max-width: 600px) 100vw, 600px\" \/> <\/a> <\/p>\n<h6>Ingrid Bersenda na podelitvi nagrade (KROMA)<\/h6>\n<p> <!-- LISTA ATTACH & COMMENTI --><\/div>\n<p style=\"text-align: justify;\"><span style=\"line-height:  150%; font-size: 10pt;\"> <\/span><span style=\"font-size: small;\">Na tr\u017ea\u0161ki pokrajini so v\u010deraj na kraj\u0161i  slovesnosti podelili  nagrade diplomantkam, ki so se udele\u017eile prve  izvedbe nagradnega  nate\u010daja, poimenovanega po pred \u010dasom preminuli  pokrajinski odbornici za  ozemlje, infrastrukturo in promet Ondini  Barduzzi. Denarno nagrado, s  katero \u017eelijo njeni idejni snovatelji  spodbujati izvirne diplomske  naloge v treh razli\u010dnih panogah in  omogo\u010diti mladim diplomantkam, da bi  dosegle izjemne dose\u017eke na  podro\u010djih, ki jih zanimajo, so prejele tri  diplomantke, prvo mesto  (denarna nagrada tiso\u010d evrov) pa je zasedla  tr\u017ea\u0161ka Slovenka Ingrid  Bersenda z diplomskim delom Adattamento socio  emotivo nei bambini  immigrati ed autoctoni. Un\u2019indagine nella Provincia  di Trieste  (\u010custveno-sociolo\u0161ko prilagajanje pri otrocih priseljencev in  pri  avtohtonih otrocih. Raziskava v tr\u017ea\u0161ki pokrajini). Druga nagrada v   vi\u0161ini 750 evrov je \u0161la v roke \u0161e eni psihologinji, in sicer Fabiani   Giaretton, tretjo nagrado v vi\u0161ini 500 evrov pa je prejela psihologinja   Tiziana Florio. Nagrade jim je izro\u010dila predsednica Pokrajine Trst  Maria  Teresa Bassa Poropat.<\/span><\/p>\n","protected":false},"excerpt":{"rendered":"<p>Novica Primorskega dnevnika: INGRID BERSENDA prejela PRVO NAGRADO ONDINA BARDUZZI Za diplomsko nalogo o prilagajanju otrok ji je priznanje izro\u010dila predsednica Pokrajine Trst Maria Teresa Bassa Poropat. Ingrid Bersenda na podelitvi nagrade (KROMA) Na tr\u017ea\u0161ki pokrajini so v\u010deraj na kraj\u0161i slovesnosti podelili nagrade diplomantkam, ki so se udele\u017eile prve izvedbe nagradnega nate\u010daja, poimenovanega po pred [&hellip;]<\/p>\n","protected":false},"author":1,"featured_media":94,"comment_status":"closed","ping_status":"open","sticky":false,"template":"","format":"standard","meta":{"footnotes":""},"categories":[8],"tags":[],"class_list":["post-97","post","type-post","status-publish","format-standard","has-post-thumbnail","category-media-2","czr-hentry"],"aioseo_notices":[],"aioseo_head":"\n\t\t<!-- All in One SEO 5.0.0.1 - aioseo.com -->\n\t<meta name=\"description\" content=\"Novica Primorskega dnevnika: INGRID BERSENDA prejela PRVO NAGRADO ONDINA BARDUZZI Za diplomsko nalogo o prilagajanju otrok ji je priznanje izro\u010dila predsednica Pokrajine Trst Maria Teresa Bassa Poropat. Ingrid Bersenda na podelitvi nagrade (KROMA) Na tr\u017ea\u0161ki pokrajini so v\u010deraj na kraj\u0161i slovesnosti podelili nagrade diplomantkam, ki so se udele\u017eile prve izvedbe nagradnega nate\u010daja, poimenovanega po pred\" \/>\n\t<meta name=\"robots\" content=\"max-image-preview:large\" \/>\n\t<meta name=\"author\" content=\"idt-adm-b382ee\"\/>\n\t<link rel=\"canonical\" href=\"https:\/\/psicologo.trieste.it\/en\/media-2\/nagrada-ondina-barduzzi\" \/>\n\t<meta name=\"generator\" content=\"All in One SEO (AIOSEO) 5.0.0.1\" \/>\n\t\t<meta property=\"og:locale\" content=\"en_US\" \/>\n\t\t<meta property=\"og:site_name\" content=\"Psicologo Trieste |\" \/>\n\t\t<meta property=\"og:type\" content=\"article\" \/>\n\t\t<meta property=\"og:title\" content=\"Nagrada Ondina Barduzzi | Psicologo Trieste\" \/>\n\t\t<meta property=\"og:description\" content=\"Novica Primorskega dnevnika: INGRID BERSENDA prejela PRVO NAGRADO ONDINA BARDUZZI Za diplomsko nalogo o prilagajanju otrok ji je priznanje izro\u010dila predsednica Pokrajine Trst Maria Teresa Bassa Poropat. Ingrid Bersenda na podelitvi nagrade (KROMA) Na tr\u017ea\u0161ki pokrajini so v\u010deraj na kraj\u0161i slovesnosti podelili nagrade diplomantkam, ki so se udele\u017eile prve izvedbe nagradnega nate\u010daja, poimenovanega po pred\" \/>\n\t\t<meta property=\"og:url\" content=\"https:\/\/psicologo.trieste.it\/en\/media-2\/nagrada-ondina-barduzzi\" \/>\n\t\t<meta property=\"article:published_time\" content=\"2010-08-03T20:01:38+00:00\" \/>\n\t\t<meta property=\"article:modified_time\" content=\"2015-02-03T13:32:12+00:00\" \/>\n\t\t<meta name=\"twitter:card\" content=\"summary\" \/>\n\t\t<meta name=\"twitter:title\" content=\"Nagrada Ondina Barduzzi | Psicologo Trieste\" \/>\n\t\t<meta name=\"twitter:description\" content=\"Novica Primorskega dnevnika: INGRID BERSENDA prejela PRVO NAGRADO ONDINA BARDUZZI Za diplomsko nalogo o prilagajanju otrok ji je priznanje izro\u010dila predsednica Pokrajine Trst Maria Teresa Bassa Poropat. Ingrid Bersenda na podelitvi nagrade (KROMA) Na tr\u017ea\u0161ki pokrajini so v\u010deraj na kraj\u0161i slovesnosti podelili nagrade diplomantkam, ki so se udele\u017eile prve izvedbe nagradnega nate\u010daja, poimenovanega po pred\" \/>\n\t\t<script type=\"application\/ld+json\" class=\"aioseo-schema\">\n\t\t\t{\"@context\":\"https:\\\/\\\/schema.org\",\"@graph\":[{\"@type\":\"Article\",\"@id\":\"https:\\\/\\\/psicologo.trieste.it\\\/en\\\/media-2\\\/nagrada-ondina-barduzzi#article\",\"name\":\"Nagrada Ondina Barduzzi | Psicologo Trieste\",\"headline\":\"Nagrada Ondina Barduzzi\",\"author\":{\"@id\":\"https:\\\/\\\/psicologo.trieste.it\\\/en\\\/author\\\/idt-adm-b382ee#author\"},\"publisher\":{\"@id\":\"https:\\\/\\\/psicologo.trieste.it\\\/en\\\/#organization\"},\"image\":{\"@type\":\"ImageObject\",\"url\":\"https:\\\/\\\/psicologo.trieste.it\\\/wp-content\\\/uploads\\\/2010\\\/08\\\/www.arpa.veneto.it_educazione_sostenibilita_images_page_bnd_slovenia.gif\",\"width\":77,\"height\":51,\"caption\":\"bandiera Slovenia\"},\"datePublished\":\"2010-08-03T22:01:38+02:00\",\"dateModified\":\"2015-02-03T14:32:12+01:00\",\"inLanguage\":\"en-US\",\"mainEntityOfPage\":{\"@id\":\"https:\\\/\\\/psicologo.trieste.it\\\/en\\\/media-2\\\/nagrada-ondina-barduzzi#webpage\"},\"isPartOf\":{\"@id\":\"https:\\\/\\\/psicologo.trieste.it\\\/en\\\/media-2\\\/nagrada-ondina-barduzzi#webpage\"},\"articleSection\":\"Media\"},{\"@type\":\"BreadcrumbList\",\"@id\":\"https:\\\/\\\/psicologo.trieste.it\\\/en\\\/media-2\\\/nagrada-ondina-barduzzi#breadcrumblist\",\"itemListElement\":[{\"@type\":\"ListItem\",\"@id\":\"https:\\\/\\\/psicologo.trieste.it\\\/en#listItem\",\"position\":1,\"name\":\"Home\",\"item\":\"https:\\\/\\\/psicologo.trieste.it\\\/en\",\"nextItem\":{\"@type\":\"ListItem\",\"@id\":\"https:\\\/\\\/psicologo.trieste.it\\\/en\\\/category\\\/media-2#listItem\",\"name\":\"Media\"}},{\"@type\":\"ListItem\",\"@id\":\"https:\\\/\\\/psicologo.trieste.it\\\/en\\\/category\\\/media-2#listItem\",\"position\":2,\"name\":\"Media\",\"item\":\"https:\\\/\\\/psicologo.trieste.it\\\/en\\\/category\\\/media-2\",\"nextItem\":{\"@type\":\"ListItem\",\"@id\":\"https:\\\/\\\/psicologo.trieste.it\\\/en\\\/media-2\\\/nagrada-ondina-barduzzi#listItem\",\"name\":\"Nagrada Ondina Barduzzi\"},\"previousItem\":{\"@type\":\"ListItem\",\"@id\":\"https:\\\/\\\/psicologo.trieste.it\\\/en#listItem\",\"name\":\"Home\"}},{\"@type\":\"ListItem\",\"@id\":\"https:\\\/\\\/psicologo.trieste.it\\\/en\\\/media-2\\\/nagrada-ondina-barduzzi#listItem\",\"position\":3,\"name\":\"Nagrada Ondina Barduzzi\",\"previousItem\":{\"@type\":\"ListItem\",\"@id\":\"https:\\\/\\\/psicologo.trieste.it\\\/en\\\/category\\\/media-2#listItem\",\"name\":\"Media\"}}]},{\"@type\":\"Organization\",\"@id\":\"https:\\\/\\\/psicologo.trieste.it\\\/en\\\/#organization\",\"name\":\"Psicologo Trieste\",\"url\":\"https:\\\/\\\/psicologo.trieste.it\\\/en\\\/\"},{\"@type\":\"Person\",\"@id\":\"https:\\\/\\\/psicologo.trieste.it\\\/en\\\/author\\\/idt-adm-b382ee#author\",\"url\":\"https:\\\/\\\/psicologo.trieste.it\\\/en\\\/author\\\/idt-adm-b382ee\",\"name\":\"idt-adm-b382ee\",\"image\":{\"@type\":\"ImageObject\",\"@id\":\"https:\\\/\\\/psicologo.trieste.it\\\/en\\\/media-2\\\/nagrada-ondina-barduzzi#authorImage\",\"url\":\"https:\\\/\\\/secure.gravatar.com\\\/avatar\\\/ffb2ce3998f5d3426dd6ebd3b61243623cbfbc28474e722b4aeeae30f549599d?s=96&d=mm&r=g\",\"width\":96,\"height\":96,\"caption\":\"idt-adm-b382ee\"}},{\"@type\":\"WebPage\",\"@id\":\"https:\\\/\\\/psicologo.trieste.it\\\/en\\\/media-2\\\/nagrada-ondina-barduzzi#webpage\",\"url\":\"https:\\\/\\\/psicologo.trieste.it\\\/en\\\/media-2\\\/nagrada-ondina-barduzzi\",\"name\":\"Nagrada Ondina Barduzzi | Psicologo Trieste\",\"description\":\"Novica Primorskega dnevnika: INGRID BERSENDA prejela PRVO NAGRADO ONDINA BARDUZZI Za diplomsko nalogo o prilagajanju otrok ji je priznanje izro\\u010dila predsednica Pokrajine Trst Maria Teresa Bassa Poropat. Ingrid Bersenda na podelitvi nagrade (KROMA) Na tr\\u017ea\\u0161ki pokrajini so v\\u010deraj na kraj\\u0161i slovesnosti podelili nagrade diplomantkam, ki so se udele\\u017eile prve izvedbe nagradnega nate\\u010daja, poimenovanega po pred\",\"inLanguage\":\"en-US\",\"isPartOf\":{\"@id\":\"https:\\\/\\\/psicologo.trieste.it\\\/en\\\/#website\"},\"breadcrumb\":{\"@id\":\"https:\\\/\\\/psicologo.trieste.it\\\/en\\\/media-2\\\/nagrada-ondina-barduzzi#breadcrumblist\"},\"author\":{\"@id\":\"https:\\\/\\\/psicologo.trieste.it\\\/en\\\/author\\\/idt-adm-b382ee#author\"},\"creator\":{\"@id\":\"https:\\\/\\\/psicologo.trieste.it\\\/en\\\/author\\\/idt-adm-b382ee#author\"},\"image\":{\"@type\":\"ImageObject\",\"url\":\"https:\\\/\\\/psicologo.trieste.it\\\/wp-content\\\/uploads\\\/2010\\\/08\\\/www.arpa.veneto.it_educazione_sostenibilita_images_page_bnd_slovenia.gif\",\"@id\":\"https:\\\/\\\/psicologo.trieste.it\\\/en\\\/media-2\\\/nagrada-ondina-barduzzi\\\/#mainImage\",\"width\":77,\"height\":51,\"caption\":\"bandiera Slovenia\"},\"primaryImageOfPage\":{\"@id\":\"https:\\\/\\\/psicologo.trieste.it\\\/en\\\/media-2\\\/nagrada-ondina-barduzzi#mainImage\"},\"datePublished\":\"2010-08-03T22:01:38+02:00\",\"dateModified\":\"2015-02-03T14:32:12+01:00\"},{\"@type\":\"WebSite\",\"@id\":\"https:\\\/\\\/psicologo.trieste.it\\\/en\\\/#website\",\"url\":\"https:\\\/\\\/psicologo.trieste.it\\\/en\\\/\",\"name\":\"Psicologo Trieste\",\"inLanguage\":\"en-US\",\"publisher\":{\"@id\":\"https:\\\/\\\/psicologo.trieste.it\\\/en\\\/#organization\"}}]}\n\t\t<\/script>\n\t\t<!-- All in One SEO -->\n\n","aioseo_head_json":{"title":"Nagrada Ondina Barduzzi | Psicologo Trieste","description":"Novica Primorskega dnevnika: INGRID BERSENDA prejela PRVO NAGRADO ONDINA BARDUZZI Za diplomsko nalogo o prilagajanju otrok ji je priznanje izro\u010dila predsednica Pokrajine Trst Maria Teresa Bassa Poropat. Ingrid Bersenda na podelitvi nagrade (KROMA) Na tr\u017ea\u0161ki pokrajini so v\u010deraj na kraj\u0161i slovesnosti podelili nagrade diplomantkam, ki so se udele\u017eile prve izvedbe nagradnega nate\u010daja, poimenovanega po pred","canonical_url":"https:\/\/psicologo.trieste.it\/en\/media-2\/nagrada-ondina-barduzzi","robots":"max-image-preview:large","keywords":"","webmasterTools":{"miscellaneous":""},"schema":{"@context":"https:\/\/schema.org","@graph":[{"@type":"Article","@id":"https:\/\/psicologo.trieste.it\/en\/media-2\/nagrada-ondina-barduzzi#article","name":"Nagrada Ondina Barduzzi | Psicologo Trieste","headline":"Nagrada Ondina Barduzzi","author":{"@id":"https:\/\/psicologo.trieste.it\/en\/author\/idt-adm-b382ee#author"},"publisher":{"@id":"https:\/\/psicologo.trieste.it\/en\/#organization"},"image":{"@type":"ImageObject","url":"https:\/\/psicologo.trieste.it\/wp-content\/uploads\/2010\/08\/www.arpa.veneto.it_educazione_sostenibilita_images_page_bnd_slovenia.gif","width":77,"height":51,"caption":"bandiera Slovenia"},"datePublished":"2010-08-03T22:01:38+02:00","dateModified":"2015-02-03T14:32:12+01:00","inLanguage":"en-US","mainEntityOfPage":{"@id":"https:\/\/psicologo.trieste.it\/en\/media-2\/nagrada-ondina-barduzzi#webpage"},"isPartOf":{"@id":"https:\/\/psicologo.trieste.it\/en\/media-2\/nagrada-ondina-barduzzi#webpage"},"articleSection":"Media"},{"@type":"BreadcrumbList","@id":"https:\/\/psicologo.trieste.it\/en\/media-2\/nagrada-ondina-barduzzi#breadcrumblist","itemListElement":[{"@type":"ListItem","@id":"https:\/\/psicologo.trieste.it\/en#listItem","position":1,"name":"Home","item":"https:\/\/psicologo.trieste.it\/en","nextItem":{"@type":"ListItem","@id":"https:\/\/psicologo.trieste.it\/en\/category\/media-2#listItem","name":"Media"}},{"@type":"ListItem","@id":"https:\/\/psicologo.trieste.it\/en\/category\/media-2#listItem","position":2,"name":"Media","item":"https:\/\/psicologo.trieste.it\/en\/category\/media-2","nextItem":{"@type":"ListItem","@id":"https:\/\/psicologo.trieste.it\/en\/media-2\/nagrada-ondina-barduzzi#listItem","name":"Nagrada Ondina Barduzzi"},"previousItem":{"@type":"ListItem","@id":"https:\/\/psicologo.trieste.it\/en#listItem","name":"Home"}},{"@type":"ListItem","@id":"https:\/\/psicologo.trieste.it\/en\/media-2\/nagrada-ondina-barduzzi#listItem","position":3,"name":"Nagrada Ondina Barduzzi","previousItem":{"@type":"ListItem","@id":"https:\/\/psicologo.trieste.it\/en\/category\/media-2#listItem","name":"Media"}}]},{"@type":"Organization","@id":"https:\/\/psicologo.trieste.it\/en\/#organization","name":"Psicologo Trieste","url":"https:\/\/psicologo.trieste.it\/en\/"},{"@type":"Person","@id":"https:\/\/psicologo.trieste.it\/en\/author\/idt-adm-b382ee#author","url":"https:\/\/psicologo.trieste.it\/en\/author\/idt-adm-b382ee","name":"idt-adm-b382ee","image":{"@type":"ImageObject","@id":"https:\/\/psicologo.trieste.it\/en\/media-2\/nagrada-ondina-barduzzi#authorImage","url":"https:\/\/secure.gravatar.com\/avatar\/ffb2ce3998f5d3426dd6ebd3b61243623cbfbc28474e722b4aeeae30f549599d?s=96&d=mm&r=g","width":96,"height":96,"caption":"idt-adm-b382ee"}},{"@type":"WebPage","@id":"https:\/\/psicologo.trieste.it\/en\/media-2\/nagrada-ondina-barduzzi#webpage","url":"https:\/\/psicologo.trieste.it\/en\/media-2\/nagrada-ondina-barduzzi","name":"Nagrada Ondina Barduzzi | Psicologo Trieste","description":"Novica Primorskega dnevnika: INGRID BERSENDA prejela PRVO NAGRADO ONDINA BARDUZZI Za diplomsko nalogo o prilagajanju otrok ji je priznanje izro\u010dila predsednica Pokrajine Trst Maria Teresa Bassa Poropat. Ingrid Bersenda na podelitvi nagrade (KROMA) Na tr\u017ea\u0161ki pokrajini so v\u010deraj na kraj\u0161i slovesnosti podelili nagrade diplomantkam, ki so se udele\u017eile prve izvedbe nagradnega nate\u010daja, poimenovanega po pred","inLanguage":"en-US","isPartOf":{"@id":"https:\/\/psicologo.trieste.it\/en\/#website"},"breadcrumb":{"@id":"https:\/\/psicologo.trieste.it\/en\/media-2\/nagrada-ondina-barduzzi#breadcrumblist"},"author":{"@id":"https:\/\/psicologo.trieste.it\/en\/author\/idt-adm-b382ee#author"},"creator":{"@id":"https:\/\/psicologo.trieste.it\/en\/author\/idt-adm-b382ee#author"},"image":{"@type":"ImageObject","url":"https:\/\/psicologo.trieste.it\/wp-content\/uploads\/2010\/08\/www.arpa.veneto.it_educazione_sostenibilita_images_page_bnd_slovenia.gif","@id":"https:\/\/psicologo.trieste.it\/en\/media-2\/nagrada-ondina-barduzzi\/#mainImage","width":77,"height":51,"caption":"bandiera Slovenia"},"primaryImageOfPage":{"@id":"https:\/\/psicologo.trieste.it\/en\/media-2\/nagrada-ondina-barduzzi#mainImage"},"datePublished":"2010-08-03T22:01:38+02:00","dateModified":"2015-02-03T14:32:12+01:00"},{"@type":"WebSite","@id":"https:\/\/psicologo.trieste.it\/en\/#website","url":"https:\/\/psicologo.trieste.it\/en\/","name":"Psicologo Trieste","inLanguage":"en-US","publisher":{"@id":"https:\/\/psicologo.trieste.it\/en\/#organization"}}]},"og:locale":"en_US","og:site_name":"Psicologo Trieste |","og:type":"article","og:title":"Nagrada Ondina Barduzzi | Psicologo Trieste","og:description":"Novica Primorskega dnevnika: INGRID BERSENDA prejela PRVO NAGRADO ONDINA BARDUZZI Za diplomsko nalogo o prilagajanju otrok ji je priznanje izro\u010dila predsednica Pokrajine Trst Maria Teresa Bassa Poropat. Ingrid Bersenda na podelitvi nagrade (KROMA) Na tr\u017ea\u0161ki pokrajini so v\u010deraj na kraj\u0161i slovesnosti podelili nagrade diplomantkam, ki so se udele\u017eile prve izvedbe nagradnega nate\u010daja, poimenovanega po pred","og:url":"https:\/\/psicologo.trieste.it\/en\/media-2\/nagrada-ondina-barduzzi","article:published_time":"2010-08-03T20:01:38+00:00","article:modified_time":"2015-02-03T13:32:12+00:00","twitter:card":"summary","twitter:title":"Nagrada Ondina Barduzzi | Psicologo Trieste","twitter:description":"Novica Primorskega dnevnika: INGRID BERSENDA prejela PRVO NAGRADO ONDINA BARDUZZI Za diplomsko nalogo o prilagajanju otrok ji je priznanje izro\u010dila predsednica Pokrajine Trst Maria Teresa Bassa Poropat. Ingrid Bersenda na podelitvi nagrade (KROMA) Na tr\u017ea\u0161ki pokrajini so v\u010deraj na kraj\u0161i slovesnosti podelili nagrade diplomantkam, ki so se udele\u017eile prve izvedbe nagradnega nate\u010daja, poimenovanega po pred"},"aioseo_meta_data":{"post_id":"97","title":null,"description":null,"keywords":null,"keyphrases":null,"primary_term":null,"canonical_url":null,"og_title":null,"og_description":null,"og_object_type":"default","og_image_type":"default","og_image_url":null,"og_image_width":null,"og_image_height":null,"og_image_custom_url":null,"og_image_custom_fields":null,"og_video":null,"og_custom_url":null,"og_article_section":null,"og_article_tags":null,"twitter_use_og":false,"twitter_card":"default","twitter_image_type":"default","twitter_image_url":null,"twitter_image_custom_url":null,"twitter_image_custom_fields":null,"twitter_title":null,"twitter_description":null,"schema":{"blockGraphs":[],"customGraphs":[],"default":{"data":{"Article":[],"Course":[],"Dataset":[],"FAQPage":[],"Movie":[],"Person":[],"Product":[],"ProductReview":[],"Car":[],"Recipe":[],"Service":[],"SoftwareApplication":[],"WebPage":[]},"graphName":"Article","isEnabled":true},"graphs":[]},"schema_type":null,"schema_type_options":null,"pillar_content":false,"robots_default":true,"robots_noindex":false,"robots_noarchive":false,"robots_nosnippet":false,"robots_nofollow":false,"robots_noimageindex":false,"robots_noodp":false,"robots_notranslate":false,"robots_max_snippet":null,"robots_max_videopreview":null,"robots_max_imagepreview":"large","priority":null,"frequency":null,"local_seo":null,"breadcrumb_settings":null,"limit_modified_date":false,"ai":null,"created":"2021-08-18 12:03:13","updated":"2025-10-18 12:07:49","focus_keyword":null,"additional_keywords":null,"truseo_locale":null,"seo_analyzer_scan_date":null},"aioseo_breadcrumb":"<div class=\"aioseo-breadcrumbs\"><span class=\"aioseo-breadcrumb\">\n\t\t\t<a href=\"https:\/\/psicologo.trieste.it\/en\" title=\"Home\">Home<\/a>\n\t\t<\/span><span class=\"aioseo-breadcrumb-separator\">&raquo;<\/span><span class=\"aioseo-breadcrumb\">\n\t\t\t<a href=\"https:\/\/psicologo.trieste.it\/en\/category\/media-2\" title=\"Media\">Media<\/a>\n\t\t<\/span><span class=\"aioseo-breadcrumb-separator\">&raquo;<\/span><span class=\"aioseo-breadcrumb\">\n\t\t\tNagrada Ondina Barduzzi\n\t\t<\/span><\/div>","aioseo_breadcrumb_json":[{"label":"Home","link":"https:\/\/psicologo.trieste.it\/en"},{"label":"Media","link":"https:\/\/psicologo.trieste.it\/en\/category\/media-2"},{"label":"Nagrada Ondina Barduzzi","link":"https:\/\/psicologo.trieste.it\/en\/media-2\/nagrada-ondina-barduzzi"}],"_links":{"self":[{"href":"https:\/\/psicologo.trieste.it\/en\/wp-json\/wp\/v2\/posts\/97","targetHints":{"allow":["GET"]}}],"collection":[{"href":"https:\/\/psicologo.trieste.it\/en\/wp-json\/wp\/v2\/posts"}],"about":[{"href":"https:\/\/psicologo.trieste.it\/en\/wp-json\/wp\/v2\/types\/post"}],"author":[{"embeddable":true,"href":"https:\/\/psicologo.trieste.it\/en\/wp-json\/wp\/v2\/users\/1"}],"replies":[{"embeddable":true,"href":"https:\/\/psicologo.trieste.it\/en\/wp-json\/wp\/v2\/comments?post=97"}],"version-history":[{"count":1,"href":"https:\/\/psicologo.trieste.it\/en\/wp-json\/wp\/v2\/posts\/97\/revisions"}],"predecessor-version":[{"id":367,"href":"https:\/\/psicologo.trieste.it\/en\/wp-json\/wp\/v2\/posts\/97\/revisions\/367"}],"wp:featuredmedia":[{"embeddable":true,"href":"https:\/\/psicologo.trieste.it\/en\/wp-json\/wp\/v2\/media\/94"}],"wp:attachment":[{"href":"https:\/\/psicologo.trieste.it\/en\/wp-json\/wp\/v2\/media?parent=97"}],"wp:term":[{"taxonomy":"category","embeddable":true,"href":"https:\/\/psicologo.trieste.it\/en\/wp-json\/wp\/v2\/categories?post=97"},{"taxonomy":"post_tag","embeddable":true,"href":"https:\/\/psicologo.trieste.it\/en\/wp-json\/wp\/v2\/tags?post=97"}],"curies":[{"name":"wp","href":"https:\/\/api.w.org\/{rel}","templated":true}]}}