{"id":176,"date":"2014-03-20T20:47:11","date_gmt":"2014-03-20T19:47:11","guid":{"rendered":"http:\/\/psicologo.trieste.it\/?p=176"},"modified":"2016-02-05T13:57:32","modified_gmt":"2016-02-05T12:57:32","slug":"pubblicazioni-della-dottssa-ingrid-bersenda","status":"publish","type":"post","link":"https:\/\/psicologo.trieste.it\/sl\/dott-ingrid-bersenda\/pubblicazioni-della-dottssa-ingrid-bersenda","title":{"rendered":"Publikacije dr Ingrid Bersenda"},"content":{"rendered":"<ul>\n<li style=\"text-align: justify;\"><a href=\"http:\/\/www.giuntiscuola.it\/psicologiaescuola\/la-rivista-di-carta\/psicologia-e-scuola\/mar-apr-2013-n-26\/\">Bersenda I. e Morassi L. (2013) <i>La rappresentazione grafica di se stessi e degli altri nei diversi contesti.<\/i> Psicologia e scuola, 26. Giunti O.S., Milano.<\/a><\/li>\n<\/ul>\n<ul>\n<li>Lonciari I., Bersenda I., Bin M. , Roia A. e Carrozzi M. (2009) <i>Autostima ed attribuzione in un gruppo di ragazzi con Disturbi specifici dell\u2019apprendimento. <\/i>Poster presentato al \u00a02\u00b0<i>Letnem seminarju o odraslih dislektikih<\/i> svolto in data 16 aprile 2009 a Modena (Associazione Italiana Dislessia, Universit\u00e0 degli studi di Modena ed Emilia, Servizio sanitario regionale Emilia-Romagna).<\/li>\n<\/ul>\n<p>&nbsp;<\/p>\n<ul>\n<li>Melon C., Englaro G., Bersenda I., Lonciari I., Loik F., Bortolotti E. e Carrozzi M. (2012) <i>Ricerca-Azione Traslazionale: Sensibilizzazione, Formazione e Interventi sui Disturbi specifici dell\u2019apprendimento<\/i>. Poster presentato al Convegno nazionale della C.N.I.S. 2012: <i>Quando educare \u00e8 pi\u00f9 difficile (Ko je izobra\u017eevanje te\u017eje) <\/i>svolto a marzo 2012 a Vicenza (CNIS).<\/li>\n<\/ul>\n<p>&nbsp;<\/p>\n<ul>\n<li style=\"text-align: justify;\">Melon C., Bersenda I., Englaro G., Lonciari I., Loik F., Bortolotti E. e Carrozzi M. (2012) <i>Ricerca-Azione Traslazionale: Sensibilizzazione, Formazione e Interventi sui Disturbi specifici dell\u2019apprendimento<\/i>. Poster presentato al<b> <\/b>Convegno nazionale dell\u2019AIRIPA in data 11-13 ottobre 2012 a Bari.<\/li>\n<\/ul>\n<p style=\"text-align: justify;\">\n<p style=\"text-align: justify;\">\n<p style=\"text-align: justify;\">\n<p style=\"text-align: justify;\">\n<p style=\"text-align: justify;\"><a href=\"http:\/\/psicologo.trieste.it\/sl\/?p=175\">S \u010dim se ukvarja dr. Bersenda?<\/a><\/p>\n<p style=\"text-align: justify;\"><a href=\"http:\/\/psicologo.trieste.it\/sl\/?p=179\">Istruzione e formazione &#8211; dott.ssa Bersenda<\/a><\/p>\n<p style=\"text-align: justify;\"><a href=\"http:\/\/psicologo.trieste.it\/sl\/?p=181\">Esperienze professionali &#8211; dott.ssa Bersenda<\/a><\/p>\n<p style=\"text-align: justify;\"><a href=\"http:\/\/psicologo.trieste.it\/sl\/?p=183\">Riconoscimenti &#8211; dott.ssa Bersenda<br \/>\n<\/a><\/p>","protected":false},"excerpt":{"rendered":"<p>Bersenda I. e Morassi L. (2013) La rappresentazione grafica di se stessi e degli altri nei diversi contesti. Psicologia e scuola, 26. Giunti O.S., Milano. Lonciari I., Bersenda I., Bin M. , Roia A. e Carrozzi M. (2009) Autostima ed attribuzione in un gruppo di ragazzi con Disturbi specifici dell\u2019apprendimento. Poster presentato al \u00a02\u00b0seminario Annuale [&hellip;]<\/p>\n","protected":false},"author":1,"featured_media":0,"comment_status":"closed","ping_status":"open","sticky":false,"template":"","format":"standard","meta":{"footnotes":""},"categories":[9],"tags":[108,346,334,38,336,340,44,338,339,337,345,335,265,344,343,342,341],"class_list":["post-176","post","type-post","status-publish","format-standard","category-dott-ingrid-bersenda","tag-aid","tag-airipa","tag-articoli-psicologia","tag-bersenda","tag-carrozzi","tag-difficile","tag-dislessia","tag-disturbi-specifici-dellapprendimento","tag-educare","tag-englaro","tag-giunti","tag-lonciari","tag-psicologa-bersenda","tag-psicologia-e-scuola","tag-rappresentazione-grafica","tag-universita-di-modena","tag-vicenza","czr-hentry"],"aioseo_notices":[],"aioseo_head":"\n\t\t<!-- All in One SEO 5.0.0.1 - aioseo.com -->\n\t<meta name=\"description\" content=\"Bersenda I. e Morassi L. (2013) La rappresentazione grafica di se stessi e degli altri nei diversi contesti. Psicologia e scuola, 26. Giunti O.S., Milano. Lonciari I., Bersenda I., Bin M. , Roia A. e Carrozzi M. (2009) Autostima ed attribuzione in un gruppo di ragazzi con Disturbi specifici dell\u2019apprendimento. Poster presentato al 2\u00b0seminario Annuale\" \/>\n\t<meta name=\"robots\" content=\"max-image-preview:large\" \/>\n\t<meta name=\"author\" content=\"idt-adm-b382ee\"\/>\n\t<link rel=\"canonical\" href=\"https:\/\/psicologo.trieste.it\/sl\/dott-ingrid-bersenda\/pubblicazioni-della-dottssa-ingrid-bersenda\" \/>\n\t<meta name=\"generator\" content=\"All in One SEO (AIOSEO) 5.0.0.1\" \/>\n\t\t<meta property=\"og:locale\" content=\"sl_SI\" \/>\n\t\t<meta property=\"og:site_name\" content=\"Psicologo Trieste |\" \/>\n\t\t<meta property=\"og:type\" content=\"article\" \/>\n\t\t<meta property=\"og:title\" content=\"Pubblicazioni della dott.ssa Ingrid Bersenda | Psicologo Trieste\" \/>\n\t\t<meta property=\"og:description\" content=\"Bersenda I. e Morassi L. (2013) La rappresentazione grafica di se stessi e degli altri nei diversi contesti. Psicologia e scuola, 26. Giunti O.S., Milano. Lonciari I., Bersenda I., Bin M. , Roia A. e Carrozzi M. (2009) Autostima ed attribuzione in un gruppo di ragazzi con Disturbi specifici dell\u2019apprendimento. Poster presentato al 2\u00b0seminario Annuale\" \/>\n\t\t<meta property=\"og:url\" content=\"https:\/\/psicologo.trieste.it\/sl\/dott-ingrid-bersenda\/pubblicazioni-della-dottssa-ingrid-bersenda\" \/>\n\t\t<meta property=\"article:published_time\" content=\"2014-03-20T19:47:11+00:00\" \/>\n\t\t<meta property=\"article:modified_time\" content=\"2016-02-05T12:57:32+00:00\" \/>\n\t\t<meta name=\"twitter:card\" content=\"summary\" \/>\n\t\t<meta name=\"twitter:title\" content=\"Pubblicazioni della dott.ssa Ingrid Bersenda | Psicologo Trieste\" \/>\n\t\t<meta name=\"twitter:description\" content=\"Bersenda I. e Morassi L. (2013) La rappresentazione grafica di se stessi e degli altri nei diversi contesti. Psicologia e scuola, 26. Giunti O.S., Milano. Lonciari I., Bersenda I., Bin M. , Roia A. e Carrozzi M. (2009) Autostima ed attribuzione in un gruppo di ragazzi con Disturbi specifici dell\u2019apprendimento. Poster presentato al 2\u00b0seminario Annuale\" \/>\n\t\t<script type=\"application\/ld+json\" class=\"aioseo-schema\">\n\t\t\t{\"@context\":\"https:\\\/\\\/schema.org\",\"@graph\":[{\"@type\":\"Article\",\"@id\":\"https:\\\/\\\/psicologo.trieste.it\\\/sl\\\/dott-ingrid-bersenda\\\/pubblicazioni-della-dottssa-ingrid-bersenda#article\",\"name\":\"Pubblicazioni della dott.ssa Ingrid Bersenda | Psicologo Trieste\",\"headline\":\"Pubblicazioni della dott.ssa Ingrid Bersenda\",\"author\":{\"@id\":\"https:\\\/\\\/psicologo.trieste.it\\\/sl\\\/author\\\/idt-adm-b382ee#author\"},\"publisher\":{\"@id\":\"https:\\\/\\\/psicologo.trieste.it\\\/sl\\\/#organization\"},\"datePublished\":\"2014-03-20T20:47:11+01:00\",\"dateModified\":\"2016-02-05T13:57:32+01:00\",\"inLanguage\":\"sl-SI\",\"mainEntityOfPage\":{\"@id\":\"https:\\\/\\\/psicologo.trieste.it\\\/sl\\\/dott-ingrid-bersenda\\\/pubblicazioni-della-dottssa-ingrid-bersenda#webpage\"},\"isPartOf\":{\"@id\":\"https:\\\/\\\/psicologo.trieste.it\\\/sl\\\/dott-ingrid-bersenda\\\/pubblicazioni-della-dottssa-ingrid-bersenda#webpage\"},\"articleSection\":\"Dott. Ingrid Bersenda, aid, airipa, articoli psicologia, bersenda, carrozzi, difficile, dislessia, disturbi specifici dell'apprendimento, educare, englaro, giunti, lonciari, psicologa Bersenda, psicologia e scuola, rappresentazione grafica, universit\\u00e0 di modena, vicenza\"},{\"@type\":\"BreadcrumbList\",\"@id\":\"https:\\\/\\\/psicologo.trieste.it\\\/sl\\\/dott-ingrid-bersenda\\\/pubblicazioni-della-dottssa-ingrid-bersenda#breadcrumblist\",\"itemListElement\":[{\"@type\":\"ListItem\",\"@id\":\"https:\\\/\\\/psicologo.trieste.it\\\/sl#listItem\",\"position\":1,\"name\":\"Home\",\"item\":\"https:\\\/\\\/psicologo.trieste.it\\\/sl\",\"nextItem\":{\"@type\":\"ListItem\",\"@id\":\"https:\\\/\\\/psicologo.trieste.it\\\/sl\\\/category\\\/dott-ingrid-bersenda#listItem\",\"name\":\"Dott. Ingrid Bersenda\"}},{\"@type\":\"ListItem\",\"@id\":\"https:\\\/\\\/psicologo.trieste.it\\\/sl\\\/category\\\/dott-ingrid-bersenda#listItem\",\"position\":2,\"name\":\"Dott. Ingrid Bersenda\",\"item\":\"https:\\\/\\\/psicologo.trieste.it\\\/sl\\\/category\\\/dott-ingrid-bersenda\",\"nextItem\":{\"@type\":\"ListItem\",\"@id\":\"https:\\\/\\\/psicologo.trieste.it\\\/sl\\\/dott-ingrid-bersenda\\\/pubblicazioni-della-dottssa-ingrid-bersenda#listItem\",\"name\":\"Pubblicazioni della dott.ssa Ingrid Bersenda\"},\"previousItem\":{\"@type\":\"ListItem\",\"@id\":\"https:\\\/\\\/psicologo.trieste.it\\\/sl#listItem\",\"name\":\"Home\"}},{\"@type\":\"ListItem\",\"@id\":\"https:\\\/\\\/psicologo.trieste.it\\\/sl\\\/dott-ingrid-bersenda\\\/pubblicazioni-della-dottssa-ingrid-bersenda#listItem\",\"position\":3,\"name\":\"Pubblicazioni della dott.ssa Ingrid Bersenda\",\"previousItem\":{\"@type\":\"ListItem\",\"@id\":\"https:\\\/\\\/psicologo.trieste.it\\\/sl\\\/category\\\/dott-ingrid-bersenda#listItem\",\"name\":\"Dott. Ingrid Bersenda\"}}]},{\"@type\":\"Organization\",\"@id\":\"https:\\\/\\\/psicologo.trieste.it\\\/sl\\\/#organization\",\"name\":\"Psicologo Trieste\",\"url\":\"https:\\\/\\\/psicologo.trieste.it\\\/sl\\\/\"},{\"@type\":\"Person\",\"@id\":\"https:\\\/\\\/psicologo.trieste.it\\\/sl\\\/author\\\/idt-adm-b382ee#author\",\"url\":\"https:\\\/\\\/psicologo.trieste.it\\\/sl\\\/author\\\/idt-adm-b382ee\",\"name\":\"idt-adm-b382ee\",\"image\":{\"@type\":\"ImageObject\",\"@id\":\"https:\\\/\\\/psicologo.trieste.it\\\/sl\\\/dott-ingrid-bersenda\\\/pubblicazioni-della-dottssa-ingrid-bersenda#authorImage\",\"url\":\"https:\\\/\\\/secure.gravatar.com\\\/avatar\\\/ffb2ce3998f5d3426dd6ebd3b61243623cbfbc28474e722b4aeeae30f549599d?s=96&d=mm&r=g\",\"width\":96,\"height\":96,\"caption\":\"idt-adm-b382ee\"}},{\"@type\":\"WebPage\",\"@id\":\"https:\\\/\\\/psicologo.trieste.it\\\/sl\\\/dott-ingrid-bersenda\\\/pubblicazioni-della-dottssa-ingrid-bersenda#webpage\",\"url\":\"https:\\\/\\\/psicologo.trieste.it\\\/sl\\\/dott-ingrid-bersenda\\\/pubblicazioni-della-dottssa-ingrid-bersenda\",\"name\":\"Pubblicazioni della dott.ssa Ingrid Bersenda | Psicologo Trieste\",\"description\":\"Bersenda I. e Morassi L. (2013) La rappresentazione grafica di se stessi e degli altri nei diversi contesti. Psicologia e scuola, 26. Giunti O.S., Milano. Lonciari I., Bersenda I., Bin M. , Roia A. e Carrozzi M. (2009) Autostima ed attribuzione in un gruppo di ragazzi con Disturbi specifici dell\\u2019apprendimento. Poster presentato al 2\\u00b0seminario Annuale\",\"inLanguage\":\"sl-SI\",\"isPartOf\":{\"@id\":\"https:\\\/\\\/psicologo.trieste.it\\\/sl\\\/#website\"},\"breadcrumb\":{\"@id\":\"https:\\\/\\\/psicologo.trieste.it\\\/sl\\\/dott-ingrid-bersenda\\\/pubblicazioni-della-dottssa-ingrid-bersenda#breadcrumblist\"},\"author\":{\"@id\":\"https:\\\/\\\/psicologo.trieste.it\\\/sl\\\/author\\\/idt-adm-b382ee#author\"},\"creator\":{\"@id\":\"https:\\\/\\\/psicologo.trieste.it\\\/sl\\\/author\\\/idt-adm-b382ee#author\"},\"datePublished\":\"2014-03-20T20:47:11+01:00\",\"dateModified\":\"2016-02-05T13:57:32+01:00\"},{\"@type\":\"WebSite\",\"@id\":\"https:\\\/\\\/psicologo.trieste.it\\\/sl\\\/#website\",\"url\":\"https:\\\/\\\/psicologo.trieste.it\\\/sl\\\/\",\"name\":\"Psicologo Trieste\",\"inLanguage\":\"sl-SI\",\"publisher\":{\"@id\":\"https:\\\/\\\/psicologo.trieste.it\\\/sl\\\/#organization\"}}]}\n\t\t<\/script>\n\t\t<!-- All in One SEO -->\n\n","aioseo_head_json":{"title":"Pubblicazioni della dott.ssa Ingrid Bersenda | Psicologo Trieste","description":"Bersenda I. e Morassi L. (2013) La rappresentazione grafica di se stessi e degli altri nei diversi contesti. Psicologia e scuola, 26. Giunti O.S., Milano. Lonciari I., Bersenda I., Bin M. , Roia A. e Carrozzi M. (2009) Autostima ed attribuzione in un gruppo di ragazzi con Disturbi specifici dell\u2019apprendimento. Poster presentato al 2\u00b0seminario Annuale","canonical_url":"https:\/\/psicologo.trieste.it\/sl\/dott-ingrid-bersenda\/pubblicazioni-della-dottssa-ingrid-bersenda","robots":"max-image-preview:large","keywords":"","webmasterTools":{"miscellaneous":""},"schema":{"@context":"https:\/\/schema.org","@graph":[{"@type":"Article","@id":"https:\/\/psicologo.trieste.it\/sl\/dott-ingrid-bersenda\/pubblicazioni-della-dottssa-ingrid-bersenda#article","name":"Pubblicazioni della dott.ssa Ingrid Bersenda | Psicologo Trieste","headline":"Pubblicazioni della dott.ssa Ingrid Bersenda","author":{"@id":"https:\/\/psicologo.trieste.it\/sl\/author\/idt-adm-b382ee#author"},"publisher":{"@id":"https:\/\/psicologo.trieste.it\/sl\/#organization"},"datePublished":"2014-03-20T20:47:11+01:00","dateModified":"2016-02-05T13:57:32+01:00","inLanguage":"sl-SI","mainEntityOfPage":{"@id":"https:\/\/psicologo.trieste.it\/sl\/dott-ingrid-bersenda\/pubblicazioni-della-dottssa-ingrid-bersenda#webpage"},"isPartOf":{"@id":"https:\/\/psicologo.trieste.it\/sl\/dott-ingrid-bersenda\/pubblicazioni-della-dottssa-ingrid-bersenda#webpage"},"articleSection":"Dott. Ingrid Bersenda, aid, airipa, articoli psicologia, bersenda, carrozzi, difficile, dislessia, disturbi specifici dell'apprendimento, educare, englaro, giunti, lonciari, psicologa Bersenda, psicologia e scuola, rappresentazione grafica, universit\u00e0 di modena, vicenza"},{"@type":"BreadcrumbList","@id":"https:\/\/psicologo.trieste.it\/sl\/dott-ingrid-bersenda\/pubblicazioni-della-dottssa-ingrid-bersenda#breadcrumblist","itemListElement":[{"@type":"ListItem","@id":"https:\/\/psicologo.trieste.it\/sl#listItem","position":1,"name":"Home","item":"https:\/\/psicologo.trieste.it\/sl","nextItem":{"@type":"ListItem","@id":"https:\/\/psicologo.trieste.it\/sl\/category\/dott-ingrid-bersenda#listItem","name":"Dott. Ingrid Bersenda"}},{"@type":"ListItem","@id":"https:\/\/psicologo.trieste.it\/sl\/category\/dott-ingrid-bersenda#listItem","position":2,"name":"Dott. Ingrid Bersenda","item":"https:\/\/psicologo.trieste.it\/sl\/category\/dott-ingrid-bersenda","nextItem":{"@type":"ListItem","@id":"https:\/\/psicologo.trieste.it\/sl\/dott-ingrid-bersenda\/pubblicazioni-della-dottssa-ingrid-bersenda#listItem","name":"Pubblicazioni della dott.ssa Ingrid Bersenda"},"previousItem":{"@type":"ListItem","@id":"https:\/\/psicologo.trieste.it\/sl#listItem","name":"Home"}},{"@type":"ListItem","@id":"https:\/\/psicologo.trieste.it\/sl\/dott-ingrid-bersenda\/pubblicazioni-della-dottssa-ingrid-bersenda#listItem","position":3,"name":"Pubblicazioni della dott.ssa Ingrid Bersenda","previousItem":{"@type":"ListItem","@id":"https:\/\/psicologo.trieste.it\/sl\/category\/dott-ingrid-bersenda#listItem","name":"Dott. Ingrid Bersenda"}}]},{"@type":"Organization","@id":"https:\/\/psicologo.trieste.it\/sl\/#organization","name":"Psicologo Trieste","url":"https:\/\/psicologo.trieste.it\/sl\/"},{"@type":"Person","@id":"https:\/\/psicologo.trieste.it\/sl\/author\/idt-adm-b382ee#author","url":"https:\/\/psicologo.trieste.it\/sl\/author\/idt-adm-b382ee","name":"idt-adm-b382ee","image":{"@type":"ImageObject","@id":"https:\/\/psicologo.trieste.it\/sl\/dott-ingrid-bersenda\/pubblicazioni-della-dottssa-ingrid-bersenda#authorImage","url":"https:\/\/secure.gravatar.com\/avatar\/ffb2ce3998f5d3426dd6ebd3b61243623cbfbc28474e722b4aeeae30f549599d?s=96&d=mm&r=g","width":96,"height":96,"caption":"idt-adm-b382ee"}},{"@type":"WebPage","@id":"https:\/\/psicologo.trieste.it\/sl\/dott-ingrid-bersenda\/pubblicazioni-della-dottssa-ingrid-bersenda#webpage","url":"https:\/\/psicologo.trieste.it\/sl\/dott-ingrid-bersenda\/pubblicazioni-della-dottssa-ingrid-bersenda","name":"Pubblicazioni della dott.ssa Ingrid Bersenda | Psicologo Trieste","description":"Bersenda I. e Morassi L. (2013) La rappresentazione grafica di se stessi e degli altri nei diversi contesti. Psicologia e scuola, 26. Giunti O.S., Milano. Lonciari I., Bersenda I., Bin M. , Roia A. e Carrozzi M. (2009) Autostima ed attribuzione in un gruppo di ragazzi con Disturbi specifici dell\u2019apprendimento. Poster presentato al 2\u00b0seminario Annuale","inLanguage":"sl-SI","isPartOf":{"@id":"https:\/\/psicologo.trieste.it\/sl\/#website"},"breadcrumb":{"@id":"https:\/\/psicologo.trieste.it\/sl\/dott-ingrid-bersenda\/pubblicazioni-della-dottssa-ingrid-bersenda#breadcrumblist"},"author":{"@id":"https:\/\/psicologo.trieste.it\/sl\/author\/idt-adm-b382ee#author"},"creator":{"@id":"https:\/\/psicologo.trieste.it\/sl\/author\/idt-adm-b382ee#author"},"datePublished":"2014-03-20T20:47:11+01:00","dateModified":"2016-02-05T13:57:32+01:00"},{"@type":"WebSite","@id":"https:\/\/psicologo.trieste.it\/sl\/#website","url":"https:\/\/psicologo.trieste.it\/sl\/","name":"Psicologo Trieste","inLanguage":"sl-SI","publisher":{"@id":"https:\/\/psicologo.trieste.it\/sl\/#organization"}}]},"og:locale":"sl_SI","og:site_name":"Psicologo Trieste |","og:type":"article","og:title":"Pubblicazioni della dott.ssa Ingrid Bersenda | Psicologo Trieste","og:description":"Bersenda I. e Morassi L. (2013) La rappresentazione grafica di se stessi e degli altri nei diversi contesti. Psicologia e scuola, 26. Giunti O.S., Milano. Lonciari I., Bersenda I., Bin M. , Roia A. e Carrozzi M. (2009) Autostima ed attribuzione in un gruppo di ragazzi con Disturbi specifici dell\u2019apprendimento. Poster presentato al 2\u00b0seminario Annuale","og:url":"https:\/\/psicologo.trieste.it\/sl\/dott-ingrid-bersenda\/pubblicazioni-della-dottssa-ingrid-bersenda","article:published_time":"2014-03-20T19:47:11+00:00","article:modified_time":"2016-02-05T12:57:32+00:00","twitter:card":"summary","twitter:title":"Pubblicazioni della dott.ssa Ingrid Bersenda | Psicologo Trieste","twitter:description":"Bersenda I. e Morassi L. (2013) La rappresentazione grafica di se stessi e degli altri nei diversi contesti. Psicologia e scuola, 26. Giunti O.S., Milano. Lonciari I., Bersenda I., Bin M. , Roia A. e Carrozzi M. (2009) Autostima ed attribuzione in un gruppo di ragazzi con Disturbi specifici dell\u2019apprendimento. Poster presentato al 2\u00b0seminario Annuale"},"aioseo_meta_data":{"post_id":"176","title":null,"description":null,"keywords":null,"keyphrases":null,"primary_term":null,"canonical_url":null,"og_title":null,"og_description":null,"og_object_type":"default","og_image_type":"default","og_image_url":null,"og_image_width":null,"og_image_height":null,"og_image_custom_url":null,"og_image_custom_fields":null,"og_video":null,"og_custom_url":null,"og_article_section":null,"og_article_tags":null,"twitter_use_og":false,"twitter_card":"default","twitter_image_type":"default","twitter_image_url":null,"twitter_image_custom_url":null,"twitter_image_custom_fields":null,"twitter_title":null,"twitter_description":null,"schema":{"blockGraphs":[],"customGraphs":[],"default":{"data":{"Article":[],"Course":[],"Dataset":[],"FAQPage":[],"Movie":[],"Person":[],"Product":[],"ProductReview":[],"Car":[],"Recipe":[],"Service":[],"SoftwareApplication":[],"WebPage":[]},"graphName":"Article","isEnabled":true},"graphs":[]},"schema_type":null,"schema_type_options":null,"pillar_content":false,"robots_default":true,"robots_noindex":false,"robots_noarchive":false,"robots_nosnippet":false,"robots_nofollow":false,"robots_noimageindex":false,"robots_noodp":false,"robots_notranslate":false,"robots_max_snippet":null,"robots_max_videopreview":null,"robots_max_imagepreview":"large","priority":null,"frequency":null,"local_seo":null,"breadcrumb_settings":null,"limit_modified_date":false,"ai":null,"created":"2021-08-18 12:00:33","updated":"2025-10-18 12:12:59","focus_keyword":null,"additional_keywords":null,"truseo_locale":null,"seo_analyzer_scan_date":null},"aioseo_breadcrumb":"<div class=\"aioseo-breadcrumbs\"><span class=\"aioseo-breadcrumb\">\n\t\t\t<a href=\"https:\/\/psicologo.trieste.it\/sl\" title=\"Home\">Home<\/a>\n\t\t<\/span><span class=\"aioseo-breadcrumb-separator\">&raquo;<\/span><span class=\"aioseo-breadcrumb\">\n\t\t\t<a href=\"https:\/\/psicologo.trieste.it\/sl\/category\/dott-ingrid-bersenda\" title=\"Dott. Ingrid Bersenda\">Dott. Ingrid Bersenda<\/a>\n\t\t<\/span><span class=\"aioseo-breadcrumb-separator\">&raquo;<\/span><span class=\"aioseo-breadcrumb\">\n\t\t\tPubblicazioni della dott.ssa Ingrid Bersenda\n\t\t<\/span><\/div>","aioseo_breadcrumb_json":[{"label":"Home","link":"https:\/\/psicologo.trieste.it\/sl"},{"label":"Dott. Ingrid Bersenda","link":"https:\/\/psicologo.trieste.it\/sl\/category\/dott-ingrid-bersenda"},{"label":"Pubblicazioni della dott.ssa Ingrid Bersenda","link":"https:\/\/psicologo.trieste.it\/sl\/dott-ingrid-bersenda\/pubblicazioni-della-dottssa-ingrid-bersenda"}],"_links":{"self":[{"href":"https:\/\/psicologo.trieste.it\/sl\/wp-json\/wp\/v2\/posts\/176","targetHints":{"allow":["GET"]}}],"collection":[{"href":"https:\/\/psicologo.trieste.it\/sl\/wp-json\/wp\/v2\/posts"}],"about":[{"href":"https:\/\/psicologo.trieste.it\/sl\/wp-json\/wp\/v2\/types\/post"}],"author":[{"embeddable":true,"href":"https:\/\/psicologo.trieste.it\/sl\/wp-json\/wp\/v2\/users\/1"}],"replies":[{"embeddable":true,"href":"https:\/\/psicologo.trieste.it\/sl\/wp-json\/wp\/v2\/comments?post=176"}],"version-history":[{"count":5,"href":"https:\/\/psicologo.trieste.it\/sl\/wp-json\/wp\/v2\/posts\/176\/revisions"}],"predecessor-version":[{"id":628,"href":"https:\/\/psicologo.trieste.it\/sl\/wp-json\/wp\/v2\/posts\/176\/revisions\/628"}],"wp:attachment":[{"href":"https:\/\/psicologo.trieste.it\/sl\/wp-json\/wp\/v2\/media?parent=176"}],"wp:term":[{"taxonomy":"category","embeddable":true,"href":"https:\/\/psicologo.trieste.it\/sl\/wp-json\/wp\/v2\/categories?post=176"},{"taxonomy":"post_tag","embeddable":true,"href":"https:\/\/psicologo.trieste.it\/sl\/wp-json\/wp\/v2\/tags?post=176"}],"curies":[{"name":"wp","href":"https:\/\/api.w.org\/{rel}","templated":true}]}}