{"id":179,"date":"2014-03-20T20:50:54","date_gmt":"2014-03-20T19:50:54","guid":{"rendered":"http:\/\/psicologo.trieste.it\/?p=179"},"modified":"2015-04-17T17:49:05","modified_gmt":"2015-04-17T15:49:05","slug":"istruzione-e-formazione-dottssa-ingrid-bersenda","status":"publish","type":"post","link":"https:\/\/psicologo.trieste.it\/sl\/dott-ingrid-bersenda\/istruzione-e-formazione-dottssa-ingrid-bersenda","title":{"rendered":"Istruzione e Formazione &#8211; dott.ssa Ingrid Bersenda"},"content":{"rendered":"<p style=\"text-align: justify;\"><img loading=\"lazy\" decoding=\"async\" style=\"float: left;\" src=\"http:\/\/psicologo.trieste.it\/wp-content\/uploads\/2014\/03\/images_9.JPG\" alt=\"\" width=\"165\" height=\"240\" border=\"0\" \/><\/p>\n<p>Psihologinja <a href=\"it\/dott-ingrid-bersenda\">Bersenda<\/a> je diplomirala <a href=\"https:\/\/psicologia.units.it\/\">na Fakulteti Psihologije <\/a>dell&#8217;<a href=\"http:\/\/www.units.it\/\">Univerza v Trstu.\u00a0 <\/a><\/p>\n<p style=\"text-align: justify;\"><span style=\"font-family: arial,helvetica,sans-serif;\">La sua <b>teza Degree<\/b> se imenuje <b>Adattamento socio-emotivo e cognitivo degli immigrati, delle minoranze etniche e delle loro famiglie. <\/b><\/span>Rezultati diplomskega dela so bili razpravljeni tudi na konferenci, ki jo je organiziral <a href=\"https:\/\/psicologia.units.it\/\">Oddelek za psihologijo<\/a> dell&#8217;<a href=\"http:\/\/www.units.it\">Univerzi v Trstu<\/a> pod pokroviteljstvom<a href=\"http:\/\/www.provincia.trieste.it\/\"> tr\u017ea\u0161ke pokrajine<\/a> - Naslov konference: <a href=\"http:\/\/www-amm.univ.trieste.it\/convegni2.nsf\/7ea71f61d6a88b26c125667c002cae52\/9495153fe7bfa380c125745e00326261\/$FILE\/Universit%C3%A0%20degli%20Studi%20di%20Trieste%20rovincia%20di%20Trieste%20Convegno%20di%20Psicologia.pdf\">Un incontro per bambini e adulti italiani e sloveni di Trieste. I risultati di una ricerca.<\/a><\/p>\n<p>Ona je specializirano <b>psihoterapija<\/b> Sistemsko relacijska na <a href=\"http:\/\/www.cmtf.it\/\">Milanskem Centru za dru\u017einsko terapijo<\/a>.<\/p>\n<p>Sodeloval je tudi pri poveljniku <b>forenzi\u010dna psihologija <\/b>(superato con voto finale 60\/60).<\/p>\n<p style=\"text-align: justify;\">Razen tistih, ki so sodelovali v <b>\u0161tevilni te\u010daji<\/b> motnjah <a href=\"http:\/\/psicologo.trieste.it\/sl\/?p=12\">disturbi dell&#8217;apprendimento<\/a>, sull&#8217;autismo, sulla psicologia scolastica, sui <a href=\"http:\/\/psicologo.trieste.it\/sl\/?p=21\">hranjenja<\/a>, sulle dipendenze, sugli abusi, sull&#8217;immigrazione, sull&#8217;ipnosi, sull&#8217;ADHD, sull&#8217;adozione nazionale ed internazionale e sulla psicologia in genere.<\/p>\n<p style=\"text-align: justify;\"><a href=\"http:\/\/psicologo.trieste.it\/sl\/?p=181\">Delovne izku\u0161nje<\/a><\/p>\n<p style=\"text-align: justify;\"><a href=\"http:\/\/psicologo.trieste.it\/sl\/?p=183\">Priznanja<\/a><\/p>\n<p><a href=\"http:\/\/psicologo.trieste.it\/sl\/?p=176\">Objave<\/a><\/p>\n<p><a href=\"http:\/\/psicologo.trieste.it\/sl\/?p=175\">S \u010dim se ukvarja dr. Bersenda?<\/a><\/p>","protected":false},"excerpt":{"rendered":"<p>La psicoterapeuta Bersenda si \u00e8 laureata presso la Facolt\u00e0 di Psicologia dell&#8217;Universit\u00e0 degli studi di Trieste.\u00a0 La sua tesi sperimentale di Laurea specialistica si intitola Adattamento socio-emotivo e cognitivo degli immigrati, delle minoranze etniche e delle loro famiglie. I risultati della tesi sono stati discussi al Convegno organizzato dal Dipartimento di Psicologia dell&#8217;Universit\u00e0 degli studi [&hellip;]<\/p>\n","protected":false},"author":1,"featured_media":177,"comment_status":"closed","ping_status":"open","sticky":false,"template":"","format":"standard","meta":{"footnotes":""},"categories":[9],"tags":[354,155,357,212,351,353,355,67,349,347,356,348,265,352,63,74,350],"class_list":["post-179","post","type-post","status-publish","format-standard","has-post-thumbnail","category-dott-ingrid-bersenda","tag-abuso","tag-adhd","tag-adozione","tag-autismo","tag-centro-milanese-di-terapia-della-famiglia","tag-corsi-di-formazione","tag-dipendenze","tag-disturbi-alimentari","tag-facolta-psicologia","tag-formazione","tag-ipnosi","tag-istruzione","tag-psicologa-bersenda","tag-psicologia-giuridica","tag-psicologia-scolastica","tag-psicologia-trieste","tag-universita-trieste","czr-hentry"],"aioseo_notices":[],"aioseo_head":"\n\t\t<!-- All in One SEO 5.0.0.1 - aioseo.com -->\n\t<meta name=\"description\" content=\"La psicoterapeuta Bersenda si \u00e8 laureata presso la Facolt\u00e0 di Psicologia dell&#039;Universit\u00e0 degli studi di Trieste. La sua tesi sperimentale di Laurea specialistica si intitola Adattamento socio-emotivo e cognitivo degli immigrati, delle minoranze etniche e delle loro famiglie. I risultati della tesi sono stati discussi al Convegno organizzato dal Dipartimento di Psicologia dell&#039;Universit\u00e0 degli studi\" \/>\n\t<meta name=\"robots\" content=\"max-image-preview:large\" \/>\n\t<meta name=\"author\" content=\"idt-adm-b382ee\"\/>\n\t<link rel=\"canonical\" href=\"https:\/\/psicologo.trieste.it\/sl\/dott-ingrid-bersenda\/istruzione-e-formazione-dottssa-ingrid-bersenda\" \/>\n\t<meta name=\"generator\" content=\"All in One SEO (AIOSEO) 5.0.0.1\" \/>\n\t\t<meta property=\"og:locale\" content=\"sl_SI\" \/>\n\t\t<meta property=\"og:site_name\" content=\"Psicologo Trieste |\" \/>\n\t\t<meta property=\"og:type\" content=\"article\" \/>\n\t\t<meta property=\"og:title\" content=\"Istruzione e Formazione \u2013 dott.ssa Ingrid Bersenda | Psicologo Trieste\" \/>\n\t\t<meta property=\"og:description\" content=\"La psicoterapeuta Bersenda si \u00e8 laureata presso la Facolt\u00e0 di Psicologia dell&#039;Universit\u00e0 degli studi di Trieste. La sua tesi sperimentale di Laurea specialistica si intitola Adattamento socio-emotivo e cognitivo degli immigrati, delle minoranze etniche e delle loro famiglie. I risultati della tesi sono stati discussi al Convegno organizzato dal Dipartimento di Psicologia dell&#039;Universit\u00e0 degli studi\" \/>\n\t\t<meta property=\"og:url\" content=\"https:\/\/psicologo.trieste.it\/sl\/dott-ingrid-bersenda\/istruzione-e-formazione-dottssa-ingrid-bersenda\" \/>\n\t\t<meta property=\"article:published_time\" content=\"2014-03-20T19:50:54+00:00\" \/>\n\t\t<meta property=\"article:modified_time\" content=\"2015-04-17T15:49:05+00:00\" \/>\n\t\t<meta name=\"twitter:card\" content=\"summary\" \/>\n\t\t<meta name=\"twitter:title\" content=\"Istruzione e Formazione \u2013 dott.ssa Ingrid Bersenda | Psicologo Trieste\" \/>\n\t\t<meta name=\"twitter:description\" content=\"La psicoterapeuta Bersenda si \u00e8 laureata presso la Facolt\u00e0 di Psicologia dell&#039;Universit\u00e0 degli studi di Trieste. La sua tesi sperimentale di Laurea specialistica si intitola Adattamento socio-emotivo e cognitivo degli immigrati, delle minoranze etniche e delle loro famiglie. I risultati della tesi sono stati discussi al Convegno organizzato dal Dipartimento di Psicologia dell&#039;Universit\u00e0 degli studi\" \/>\n\t\t<script type=\"application\/ld+json\" class=\"aioseo-schema\">\n\t\t\t{\"@context\":\"https:\\\/\\\/schema.org\",\"@graph\":[{\"@type\":\"Article\",\"@id\":\"https:\\\/\\\/psicologo.trieste.it\\\/sl\\\/dott-ingrid-bersenda\\\/istruzione-e-formazione-dottssa-ingrid-bersenda#article\",\"name\":\"Istruzione e Formazione \\u2013 dott.ssa Ingrid Bersenda | Psicologo Trieste\",\"headline\":\"Istruzione e Formazione &#8211; dott.ssa Ingrid Bersenda\",\"author\":{\"@id\":\"https:\\\/\\\/psicologo.trieste.it\\\/sl\\\/author\\\/idt-adm-b382ee#author\"},\"publisher\":{\"@id\":\"https:\\\/\\\/psicologo.trieste.it\\\/sl\\\/#organization\"},\"image\":{\"@type\":\"ImageObject\",\"url\":\"https:\\\/\\\/psicologo.trieste.it\\\/wp-content\\\/uploads\\\/2014\\\/03\\\/images_9.JPG\",\"width\":400,\"height\":602},\"datePublished\":\"2014-03-20T20:50:54+01:00\",\"dateModified\":\"2015-04-17T17:49:05+02:00\",\"inLanguage\":\"sl-SI\",\"mainEntityOfPage\":{\"@id\":\"https:\\\/\\\/psicologo.trieste.it\\\/sl\\\/dott-ingrid-bersenda\\\/istruzione-e-formazione-dottssa-ingrid-bersenda#webpage\"},\"isPartOf\":{\"@id\":\"https:\\\/\\\/psicologo.trieste.it\\\/sl\\\/dott-ingrid-bersenda\\\/istruzione-e-formazione-dottssa-ingrid-bersenda#webpage\"},\"articleSection\":\"Dott. Ingrid Bersenda, abuso, adhd, adozione, autismo, centro milanese di terapia della famiglia, corsi di formazione, dipendenze, disturbi alimentari, facolt\\u00e0 psicologia, formazione, ipnosi, istruzione, psicologa Bersenda, psicologia giuridica, psicologia scolastica, psicologia trieste, universit\\u00e0 trieste\"},{\"@type\":\"BreadcrumbList\",\"@id\":\"https:\\\/\\\/psicologo.trieste.it\\\/sl\\\/dott-ingrid-bersenda\\\/istruzione-e-formazione-dottssa-ingrid-bersenda#breadcrumblist\",\"itemListElement\":[{\"@type\":\"ListItem\",\"@id\":\"https:\\\/\\\/psicologo.trieste.it\\\/sl#listItem\",\"position\":1,\"name\":\"Home\",\"item\":\"https:\\\/\\\/psicologo.trieste.it\\\/sl\",\"nextItem\":{\"@type\":\"ListItem\",\"@id\":\"https:\\\/\\\/psicologo.trieste.it\\\/sl\\\/category\\\/dott-ingrid-bersenda#listItem\",\"name\":\"Dott. Ingrid Bersenda\"}},{\"@type\":\"ListItem\",\"@id\":\"https:\\\/\\\/psicologo.trieste.it\\\/sl\\\/category\\\/dott-ingrid-bersenda#listItem\",\"position\":2,\"name\":\"Dott. Ingrid Bersenda\",\"item\":\"https:\\\/\\\/psicologo.trieste.it\\\/sl\\\/category\\\/dott-ingrid-bersenda\",\"nextItem\":{\"@type\":\"ListItem\",\"@id\":\"https:\\\/\\\/psicologo.trieste.it\\\/sl\\\/dott-ingrid-bersenda\\\/istruzione-e-formazione-dottssa-ingrid-bersenda#listItem\",\"name\":\"Istruzione e Formazione &#8211; dott.ssa Ingrid Bersenda\"},\"previousItem\":{\"@type\":\"ListItem\",\"@id\":\"https:\\\/\\\/psicologo.trieste.it\\\/sl#listItem\",\"name\":\"Home\"}},{\"@type\":\"ListItem\",\"@id\":\"https:\\\/\\\/psicologo.trieste.it\\\/sl\\\/dott-ingrid-bersenda\\\/istruzione-e-formazione-dottssa-ingrid-bersenda#listItem\",\"position\":3,\"name\":\"Istruzione e Formazione &#8211; dott.ssa Ingrid Bersenda\",\"previousItem\":{\"@type\":\"ListItem\",\"@id\":\"https:\\\/\\\/psicologo.trieste.it\\\/sl\\\/category\\\/dott-ingrid-bersenda#listItem\",\"name\":\"Dott. Ingrid Bersenda\"}}]},{\"@type\":\"Organization\",\"@id\":\"https:\\\/\\\/psicologo.trieste.it\\\/sl\\\/#organization\",\"name\":\"Psicologo Trieste\",\"url\":\"https:\\\/\\\/psicologo.trieste.it\\\/sl\\\/\"},{\"@type\":\"Person\",\"@id\":\"https:\\\/\\\/psicologo.trieste.it\\\/sl\\\/author\\\/idt-adm-b382ee#author\",\"url\":\"https:\\\/\\\/psicologo.trieste.it\\\/sl\\\/author\\\/idt-adm-b382ee\",\"name\":\"idt-adm-b382ee\",\"image\":{\"@type\":\"ImageObject\",\"@id\":\"https:\\\/\\\/psicologo.trieste.it\\\/sl\\\/dott-ingrid-bersenda\\\/istruzione-e-formazione-dottssa-ingrid-bersenda#authorImage\",\"url\":\"https:\\\/\\\/secure.gravatar.com\\\/avatar\\\/ffb2ce3998f5d3426dd6ebd3b61243623cbfbc28474e722b4aeeae30f549599d?s=96&d=mm&r=g\",\"width\":96,\"height\":96,\"caption\":\"idt-adm-b382ee\"}},{\"@type\":\"WebPage\",\"@id\":\"https:\\\/\\\/psicologo.trieste.it\\\/sl\\\/dott-ingrid-bersenda\\\/istruzione-e-formazione-dottssa-ingrid-bersenda#webpage\",\"url\":\"https:\\\/\\\/psicologo.trieste.it\\\/sl\\\/dott-ingrid-bersenda\\\/istruzione-e-formazione-dottssa-ingrid-bersenda\",\"name\":\"Istruzione e Formazione \\u2013 dott.ssa Ingrid Bersenda | Psicologo Trieste\",\"description\":\"La psicoterapeuta Bersenda si \\u00e8 laureata presso la Facolt\\u00e0 di Psicologia dell'Universit\\u00e0 degli studi di Trieste. La sua tesi sperimentale di Laurea specialistica si intitola Adattamento socio-emotivo e cognitivo degli immigrati, delle minoranze etniche e delle loro famiglie. I risultati della tesi sono stati discussi al Convegno organizzato dal Dipartimento di Psicologia dell'Universit\\u00e0 degli studi\",\"inLanguage\":\"sl-SI\",\"isPartOf\":{\"@id\":\"https:\\\/\\\/psicologo.trieste.it\\\/sl\\\/#website\"},\"breadcrumb\":{\"@id\":\"https:\\\/\\\/psicologo.trieste.it\\\/sl\\\/dott-ingrid-bersenda\\\/istruzione-e-formazione-dottssa-ingrid-bersenda#breadcrumblist\"},\"author\":{\"@id\":\"https:\\\/\\\/psicologo.trieste.it\\\/sl\\\/author\\\/idt-adm-b382ee#author\"},\"creator\":{\"@id\":\"https:\\\/\\\/psicologo.trieste.it\\\/sl\\\/author\\\/idt-adm-b382ee#author\"},\"image\":{\"@type\":\"ImageObject\",\"url\":\"https:\\\/\\\/psicologo.trieste.it\\\/wp-content\\\/uploads\\\/2014\\\/03\\\/images_9.JPG\",\"@id\":\"https:\\\/\\\/psicologo.trieste.it\\\/sl\\\/dott-ingrid-bersenda\\\/istruzione-e-formazione-dottssa-ingrid-bersenda\\\/#mainImage\",\"width\":400,\"height\":602},\"primaryImageOfPage\":{\"@id\":\"https:\\\/\\\/psicologo.trieste.it\\\/sl\\\/dott-ingrid-bersenda\\\/istruzione-e-formazione-dottssa-ingrid-bersenda#mainImage\"},\"datePublished\":\"2014-03-20T20:50:54+01:00\",\"dateModified\":\"2015-04-17T17:49:05+02:00\"},{\"@type\":\"WebSite\",\"@id\":\"https:\\\/\\\/psicologo.trieste.it\\\/sl\\\/#website\",\"url\":\"https:\\\/\\\/psicologo.trieste.it\\\/sl\\\/\",\"name\":\"Psicologo Trieste\",\"inLanguage\":\"sl-SI\",\"publisher\":{\"@id\":\"https:\\\/\\\/psicologo.trieste.it\\\/sl\\\/#organization\"}}]}\n\t\t<\/script>\n\t\t<!-- All in One SEO -->\n\n","aioseo_head_json":{"title":"Istruzione e Formazione \u2013 dott.ssa Ingrid Bersenda | Psicologo Trieste","description":"La psicoterapeuta Bersenda si \u00e8 laureata presso la Facolt\u00e0 di Psicologia dell'Universit\u00e0 degli studi di Trieste. La sua tesi sperimentale di Laurea specialistica si intitola Adattamento socio-emotivo e cognitivo degli immigrati, delle minoranze etniche e delle loro famiglie. I risultati della tesi sono stati discussi al Convegno organizzato dal Dipartimento di Psicologia dell'Universit\u00e0 degli studi","canonical_url":"https:\/\/psicologo.trieste.it\/sl\/dott-ingrid-bersenda\/istruzione-e-formazione-dottssa-ingrid-bersenda","robots":"max-image-preview:large","keywords":"","webmasterTools":{"miscellaneous":""},"schema":{"@context":"https:\/\/schema.org","@graph":[{"@type":"Article","@id":"https:\/\/psicologo.trieste.it\/sl\/dott-ingrid-bersenda\/istruzione-e-formazione-dottssa-ingrid-bersenda#article","name":"Istruzione e Formazione \u2013 dott.ssa Ingrid Bersenda | Psicologo Trieste","headline":"Istruzione e Formazione &#8211; dott.ssa Ingrid Bersenda","author":{"@id":"https:\/\/psicologo.trieste.it\/sl\/author\/idt-adm-b382ee#author"},"publisher":{"@id":"https:\/\/psicologo.trieste.it\/sl\/#organization"},"image":{"@type":"ImageObject","url":"https:\/\/psicologo.trieste.it\/wp-content\/uploads\/2014\/03\/images_9.JPG","width":400,"height":602},"datePublished":"2014-03-20T20:50:54+01:00","dateModified":"2015-04-17T17:49:05+02:00","inLanguage":"sl-SI","mainEntityOfPage":{"@id":"https:\/\/psicologo.trieste.it\/sl\/dott-ingrid-bersenda\/istruzione-e-formazione-dottssa-ingrid-bersenda#webpage"},"isPartOf":{"@id":"https:\/\/psicologo.trieste.it\/sl\/dott-ingrid-bersenda\/istruzione-e-formazione-dottssa-ingrid-bersenda#webpage"},"articleSection":"Dott. Ingrid Bersenda, abuso, adhd, adozione, autismo, centro milanese di terapia della famiglia, corsi di formazione, dipendenze, disturbi alimentari, facolt\u00e0 psicologia, formazione, ipnosi, istruzione, psicologa Bersenda, psicologia giuridica, psicologia scolastica, psicologia trieste, universit\u00e0 trieste"},{"@type":"BreadcrumbList","@id":"https:\/\/psicologo.trieste.it\/sl\/dott-ingrid-bersenda\/istruzione-e-formazione-dottssa-ingrid-bersenda#breadcrumblist","itemListElement":[{"@type":"ListItem","@id":"https:\/\/psicologo.trieste.it\/sl#listItem","position":1,"name":"Home","item":"https:\/\/psicologo.trieste.it\/sl","nextItem":{"@type":"ListItem","@id":"https:\/\/psicologo.trieste.it\/sl\/category\/dott-ingrid-bersenda#listItem","name":"Dott. Ingrid Bersenda"}},{"@type":"ListItem","@id":"https:\/\/psicologo.trieste.it\/sl\/category\/dott-ingrid-bersenda#listItem","position":2,"name":"Dott. Ingrid Bersenda","item":"https:\/\/psicologo.trieste.it\/sl\/category\/dott-ingrid-bersenda","nextItem":{"@type":"ListItem","@id":"https:\/\/psicologo.trieste.it\/sl\/dott-ingrid-bersenda\/istruzione-e-formazione-dottssa-ingrid-bersenda#listItem","name":"Istruzione e Formazione &#8211; dott.ssa Ingrid Bersenda"},"previousItem":{"@type":"ListItem","@id":"https:\/\/psicologo.trieste.it\/sl#listItem","name":"Home"}},{"@type":"ListItem","@id":"https:\/\/psicologo.trieste.it\/sl\/dott-ingrid-bersenda\/istruzione-e-formazione-dottssa-ingrid-bersenda#listItem","position":3,"name":"Istruzione e Formazione &#8211; dott.ssa Ingrid Bersenda","previousItem":{"@type":"ListItem","@id":"https:\/\/psicologo.trieste.it\/sl\/category\/dott-ingrid-bersenda#listItem","name":"Dott. Ingrid Bersenda"}}]},{"@type":"Organization","@id":"https:\/\/psicologo.trieste.it\/sl\/#organization","name":"Psicologo Trieste","url":"https:\/\/psicologo.trieste.it\/sl\/"},{"@type":"Person","@id":"https:\/\/psicologo.trieste.it\/sl\/author\/idt-adm-b382ee#author","url":"https:\/\/psicologo.trieste.it\/sl\/author\/idt-adm-b382ee","name":"idt-adm-b382ee","image":{"@type":"ImageObject","@id":"https:\/\/psicologo.trieste.it\/sl\/dott-ingrid-bersenda\/istruzione-e-formazione-dottssa-ingrid-bersenda#authorImage","url":"https:\/\/secure.gravatar.com\/avatar\/ffb2ce3998f5d3426dd6ebd3b61243623cbfbc28474e722b4aeeae30f549599d?s=96&d=mm&r=g","width":96,"height":96,"caption":"idt-adm-b382ee"}},{"@type":"WebPage","@id":"https:\/\/psicologo.trieste.it\/sl\/dott-ingrid-bersenda\/istruzione-e-formazione-dottssa-ingrid-bersenda#webpage","url":"https:\/\/psicologo.trieste.it\/sl\/dott-ingrid-bersenda\/istruzione-e-formazione-dottssa-ingrid-bersenda","name":"Istruzione e Formazione \u2013 dott.ssa Ingrid Bersenda | Psicologo Trieste","description":"La psicoterapeuta Bersenda si \u00e8 laureata presso la Facolt\u00e0 di Psicologia dell'Universit\u00e0 degli studi di Trieste. La sua tesi sperimentale di Laurea specialistica si intitola Adattamento socio-emotivo e cognitivo degli immigrati, delle minoranze etniche e delle loro famiglie. I risultati della tesi sono stati discussi al Convegno organizzato dal Dipartimento di Psicologia dell'Universit\u00e0 degli studi","inLanguage":"sl-SI","isPartOf":{"@id":"https:\/\/psicologo.trieste.it\/sl\/#website"},"breadcrumb":{"@id":"https:\/\/psicologo.trieste.it\/sl\/dott-ingrid-bersenda\/istruzione-e-formazione-dottssa-ingrid-bersenda#breadcrumblist"},"author":{"@id":"https:\/\/psicologo.trieste.it\/sl\/author\/idt-adm-b382ee#author"},"creator":{"@id":"https:\/\/psicologo.trieste.it\/sl\/author\/idt-adm-b382ee#author"},"image":{"@type":"ImageObject","url":"https:\/\/psicologo.trieste.it\/wp-content\/uploads\/2014\/03\/images_9.JPG","@id":"https:\/\/psicologo.trieste.it\/sl\/dott-ingrid-bersenda\/istruzione-e-formazione-dottssa-ingrid-bersenda\/#mainImage","width":400,"height":602},"primaryImageOfPage":{"@id":"https:\/\/psicologo.trieste.it\/sl\/dott-ingrid-bersenda\/istruzione-e-formazione-dottssa-ingrid-bersenda#mainImage"},"datePublished":"2014-03-20T20:50:54+01:00","dateModified":"2015-04-17T17:49:05+02:00"},{"@type":"WebSite","@id":"https:\/\/psicologo.trieste.it\/sl\/#website","url":"https:\/\/psicologo.trieste.it\/sl\/","name":"Psicologo Trieste","inLanguage":"sl-SI","publisher":{"@id":"https:\/\/psicologo.trieste.it\/sl\/#organization"}}]},"og:locale":"sl_SI","og:site_name":"Psicologo Trieste |","og:type":"article","og:title":"Istruzione e Formazione \u2013 dott.ssa Ingrid Bersenda | Psicologo Trieste","og:description":"La psicoterapeuta Bersenda si \u00e8 laureata presso la Facolt\u00e0 di Psicologia dell'Universit\u00e0 degli studi di Trieste. La sua tesi sperimentale di Laurea specialistica si intitola Adattamento socio-emotivo e cognitivo degli immigrati, delle minoranze etniche e delle loro famiglie. I risultati della tesi sono stati discussi al Convegno organizzato dal Dipartimento di Psicologia dell'Universit\u00e0 degli studi","og:url":"https:\/\/psicologo.trieste.it\/sl\/dott-ingrid-bersenda\/istruzione-e-formazione-dottssa-ingrid-bersenda","article:published_time":"2014-03-20T19:50:54+00:00","article:modified_time":"2015-04-17T15:49:05+00:00","twitter:card":"summary","twitter:title":"Istruzione e Formazione \u2013 dott.ssa Ingrid Bersenda | Psicologo Trieste","twitter:description":"La psicoterapeuta Bersenda si \u00e8 laureata presso la Facolt\u00e0 di Psicologia dell'Universit\u00e0 degli studi di Trieste. La sua tesi sperimentale di Laurea specialistica si intitola Adattamento socio-emotivo e cognitivo degli immigrati, delle minoranze etniche e delle loro famiglie. I risultati della tesi sono stati discussi al Convegno organizzato dal Dipartimento di Psicologia dell'Universit\u00e0 degli studi"},"aioseo_meta_data":{"post_id":"179","title":null,"description":null,"keywords":null,"keyphrases":null,"primary_term":null,"canonical_url":null,"og_title":null,"og_description":null,"og_object_type":"default","og_image_type":"default","og_image_url":null,"og_image_width":null,"og_image_height":null,"og_image_custom_url":null,"og_image_custom_fields":null,"og_video":null,"og_custom_url":null,"og_article_section":null,"og_article_tags":null,"twitter_use_og":false,"twitter_card":"default","twitter_image_type":"default","twitter_image_url":null,"twitter_image_custom_url":null,"twitter_image_custom_fields":null,"twitter_title":null,"twitter_description":null,"schema":{"blockGraphs":[],"customGraphs":[],"default":{"data":{"Article":[],"Course":[],"Dataset":[],"FAQPage":[],"Movie":[],"Person":[],"Product":[],"ProductReview":[],"Car":[],"Recipe":[],"Service":[],"SoftwareApplication":[],"WebPage":[]},"graphName":"Article","isEnabled":true},"graphs":[]},"schema_type":null,"schema_type_options":null,"pillar_content":false,"robots_default":true,"robots_noindex":false,"robots_noarchive":false,"robots_nosnippet":false,"robots_nofollow":false,"robots_noimageindex":false,"robots_noodp":false,"robots_notranslate":false,"robots_max_snippet":null,"robots_max_videopreview":null,"robots_max_imagepreview":"large","priority":null,"frequency":null,"local_seo":null,"breadcrumb_settings":null,"limit_modified_date":false,"ai":null,"created":"2021-08-18 12:00:33","updated":"2025-10-18 12:12:59","focus_keyword":null,"additional_keywords":null,"truseo_locale":null,"seo_analyzer_scan_date":null},"aioseo_breadcrumb":"<div class=\"aioseo-breadcrumbs\"><span class=\"aioseo-breadcrumb\">\n\t\t\t<a href=\"https:\/\/psicologo.trieste.it\/sl\" title=\"Home\">Home<\/a>\n\t\t<\/span><span class=\"aioseo-breadcrumb-separator\">&raquo;<\/span><span class=\"aioseo-breadcrumb\">\n\t\t\t<a href=\"https:\/\/psicologo.trieste.it\/sl\/category\/dott-ingrid-bersenda\" title=\"Dott. Ingrid Bersenda\">Dott. Ingrid Bersenda<\/a>\n\t\t<\/span><span class=\"aioseo-breadcrumb-separator\">&raquo;<\/span><span class=\"aioseo-breadcrumb\">\n\t\t\tIstruzione e Formazione \u2013 dott.ssa Ingrid Bersenda\n\t\t<\/span><\/div>","aioseo_breadcrumb_json":[{"label":"Home","link":"https:\/\/psicologo.trieste.it\/sl"},{"label":"Dott. Ingrid Bersenda","link":"https:\/\/psicologo.trieste.it\/sl\/category\/dott-ingrid-bersenda"},{"label":"Istruzione e Formazione &#8211; dott.ssa Ingrid Bersenda","link":"https:\/\/psicologo.trieste.it\/sl\/dott-ingrid-bersenda\/istruzione-e-formazione-dottssa-ingrid-bersenda"}],"_links":{"self":[{"href":"https:\/\/psicologo.trieste.it\/sl\/wp-json\/wp\/v2\/posts\/179","targetHints":{"allow":["GET"]}}],"collection":[{"href":"https:\/\/psicologo.trieste.it\/sl\/wp-json\/wp\/v2\/posts"}],"about":[{"href":"https:\/\/psicologo.trieste.it\/sl\/wp-json\/wp\/v2\/types\/post"}],"author":[{"embeddable":true,"href":"https:\/\/psicologo.trieste.it\/sl\/wp-json\/wp\/v2\/users\/1"}],"replies":[{"embeddable":true,"href":"https:\/\/psicologo.trieste.it\/sl\/wp-json\/wp\/v2\/comments?post=179"}],"version-history":[{"count":10,"href":"https:\/\/psicologo.trieste.it\/sl\/wp-json\/wp\/v2\/posts\/179\/revisions"}],"predecessor-version":[{"id":511,"href":"https:\/\/psicologo.trieste.it\/sl\/wp-json\/wp\/v2\/posts\/179\/revisions\/511"}],"wp:featuredmedia":[{"embeddable":true,"href":"https:\/\/psicologo.trieste.it\/sl\/wp-json\/wp\/v2\/media\/177"}],"wp:attachment":[{"href":"https:\/\/psicologo.trieste.it\/sl\/wp-json\/wp\/v2\/media?parent=179"}],"wp:term":[{"taxonomy":"category","embeddable":true,"href":"https:\/\/psicologo.trieste.it\/sl\/wp-json\/wp\/v2\/categories?post=179"},{"taxonomy":"post_tag","embeddable":true,"href":"https:\/\/psicologo.trieste.it\/sl\/wp-json\/wp\/v2\/tags?post=179"}],"curies":[{"name":"wp","href":"https:\/\/api.w.org\/{rel}","templated":true}]}}