{"id":61,"date":"2010-05-21T22:26:08","date_gmt":"2010-05-21T20:26:08","guid":{"rendered":"http:\/\/psicologo.trieste.it\/?p=61"},"modified":"2015-02-03T14:32:28","modified_gmt":"2015-02-03T13:32:28","slug":"sindrome-da-zelig","status":"publish","type":"post","link":"https:\/\/psicologo.trieste.it\/sl\/eventi-citazioni\/sindrome-da-zelig","title":{"rendered":"Zeligov sindrom"},"content":{"rendered":"<p align=\"center\"><strong><em>Zeligov sindrom <\/em><\/strong><\/p>\n<p align=\"center\"><strong>dott. Ingrid Bersenda<\/strong><\/p>\n<p>\u00a0<\/p>\n<p>Nel film di Woody Allen del <strong>1983<\/strong> viene raccontata la <strong>Zgodovina<\/strong> di un <strong>uomo affetto<\/strong> <strong>da un sorprendente disturbo mentale<\/strong> che lo costringe ad <strong>assumere l\u2019identit\u00e0 di chi ha di fronte. <\/strong><\/p>\n<p>\u00a0<\/p>\n<p>In <strong>psihiatrija<\/strong> e psicologia ci sono stati molti casi di pazienti che <strong>dopo una lesione cerebrale<\/strong> hanno <strong>trasformato la loro personalit\u00e0<\/strong> in maniera <strong>irreversibile<\/strong> in <strong>irriconoscibile<\/strong> e hanno iniziato a soffrire di <strong>gravi disturbi psichiatrici<\/strong>.<\/p>\n<p>\u00a0<\/p>\n<p>Gi\u00e0 nel <strong>1868<\/strong> <strong>Harlow<\/strong> (Harlow J. &#8211; <em>Recovery from the passage on iron barb trough the head. <\/em>Pubblications of the Massachussets Medical Society 1868;2:327- 346.) riport\u00f2 la descrizione delle modificazioni comportamentali conseguenti a un esteso <strong>danno frontale<\/strong> di un paziente il quale, durante un <strong>incidente sul lavoro<\/strong>, fu <strong>colpito da una sbarra di ferro<\/strong> che <strong>penetr\u00f2 nella parte inferiore del cervello lesionando le regioni orbito-mediali di entrambi i lobi frontali<\/strong>. <strong>Prima<\/strong> di questo trauma il paziente era stato descritto come un <strong>uomo efficiente<\/strong>; <strong>successivamente<\/strong> fu descritto come <strong>incostante<\/strong>, <strong>capriccioso<\/strong>, <strong>volubile<\/strong>, <strong>irriverente<\/strong>, <strong>incline alle pi\u00f9 pesanti oscenit\u00e0, intollerante<\/strong> delle costrizioni o dei consigli, <strong>ostinato<\/strong>.<\/p>\n<p>\u00a0<\/p>\n<p>A Napoli alcuni anni gli psicologi <strong>Conchiglia, Della Rocca ed altri<\/strong> hanno scoperto il caso di <strong>A.D<\/strong>., un paziente di 65 anni che dopo aver avuto <strong>danni al lobo frontale-temporale<\/strong> ha sviluppato una sindrome simile a quella di Zelig: al bar diventava barman, il cucina diventava cuoco e cambiava comportamento, a seconda del contesto in cui si trovava. Diventava come Zelig \u00e8 <strong>uno, nessuno e centomila<\/strong>.<\/p>\n<p>\u00a0<\/p>\n<p>A.D. dimentica l&#8217;identit\u00e0 appena assunta quando assume la successiva, anche se rimane osservabile, pur attraverso le sue\u00a0camaleontiche sembianze psicologiche, il filo rosso della sua personalit\u00e0 e del suo carattere.<\/p>\n<p>Si dice camaleontico, perch\u00e9 come I camaleonti, si trasformava e adattava in maniera estrema all\u2019ambiente in cui si trovava.<\/p>\n<p> A.D \u00e8 diverso dai pazienti con sindrome da dipendenza ambientale, anche detta <a href=\"http:\/\/www.neuropsy.it\/patologie\/traumi\/06.html\">sindrome d&#8217;uso <\/a>rojstvo <strong>comportamento di utilizzazione, <\/strong>che <strong>imitano i gesti dei loro interlocutori<\/strong>, o\u00a0 tendono a usare tutti gli oggetti che hanno davanti.<br \/> La sua caratteristica speciale \u00e8 la <em><strong>totale<\/strong><\/em><strong> e onnipervasiva immersione in un contesto<\/strong>,\u00a0come se avesse perso la <strong>capacit\u00e0 di mantenere costante la propria identit\u00e0 e si adattasse eccessivamente ai <em>ruoli<\/em> (e non a semplici stimoli)\u00a0proposti di volta\u00a0in volta\u00a0dall&#8217; ambiente che lo circonda.<\/strong><\/p>\n<p>\u00a0<\/p>\n<p>Nel caso del paziente A.D. dagli esame \u00e8 emerso che soffriva di <strong><span style=\"text-decoration: underline;\">gravi disturbi della memoria autobiografica<\/span><\/strong> <strong><span style=\"text-decoration: underline;\">(<\/span><\/strong><span style=\"text-decoration: underline;\">quella che consente di ricordare gli episodi salienti della propria esistenza)<strong>, confabulazioni <\/strong>(ovvero discorsi incoerenti e fuori contesto)<strong> e anosognosia <\/strong>(mancanza di consapevolezza della propria malattia).<\/span><\/p>\n<p>La sindrome Zelig in realt\u00e0 non viene considerate nel Manuale DSM-IV <em><strong>(Diagnostic and Statistical Manual of mental disorders<\/strong><\/em> o \u00abManuale Diagnostico e Statistico dei Disturbi Mentali\u00bb) tra I disturbi psichiatrici dove vengono classificati disturbi quali la anoressia, la bulimia, le nevrosi ed altro, poich\u00e9 I casi zelig sono pochi nella storia.<\/p>\n<p>Il Leonard Zelig di Allen \u00e8 letteralmente <strong>l&#8217;immagine proiettata degli altri<\/strong>, uno specchio che restituisce alle persone la propria immagine e dipende in parte dall\u2019ambiente in cui si trova. Infatti Leonard Zelig \u00e8 nato a New York, ed \u00e8 stato <strong>figlio di una matriarca e di un fallito attore yiddish, \u00e8 un poveraccio con un&#8217;insaziabile sete di affetto, che risale alla sua triste infanzia di emarginato ebreo<\/strong>. <strong>Invece di carezze e baci ha ricevuto in sovrabbondanza bastonate<\/strong>. <strong>Questa <span style=\"text-decoration: underline;\">carenza affettiva<\/span> port\u00f2 Zelig a identificarsi psicologicamente e fisicamente con le persone che incontra: <\/strong>la carenza affettiva<strong> che ha subito nelle relazioni familiari e sociali hanno influenzato la sua vita. <\/strong><\/p>\n<p>Il <strong>sistema relazionale familiare <\/strong>in cui ha vissuto non gli ha permesso<strong> di essere ascoltato e voluto bene e questo lo ha portato ad aver bisogno di cercare inesorabilmente l\u2019approvazione degli altri.<\/strong><\/p>\n<p><strong>Oggi giorno<\/strong> si assiste spesso a casi di persone che tendono a <strong>volersi adattare all\u2019ambiente in cui si trova<\/strong>no, <strong>imitano le mode<\/strong> e i modelli in modo estremo. Questo \u00e8 inevitabilmente stimolato dai <strong>mass media<\/strong>, ma c\u2019\u00e8 una <strong>predisposizione neurologica o<\/strong> <strong>sistemico relazionale ad influenzare<\/strong> I veri fenomeni di bisogni di imitazione. Sicuramente I bambini che hanno la <strong>possibilit\u00e0 di vivere in ambienti pronti all\u2019affetto e<\/strong> <strong>all\u2019ascolto<\/strong> e in cui ci sono <strong>valori chiari<\/strong>, basati sulla lealt\u00e0 ed altro, c\u2019\u00e8 <strong>minore probabilit\u00e0 di arrivare al patologico.<\/strong><\/p>","protected":false},"excerpt":{"rendered":"<p>Sindrome da Zelig dott. Ingrid Bersenda \u00a0 Nel film di Woody Allen del 1983 viene raccontata la storia di un uomo affetto da un sorprendente disturbo mentale che lo costringe ad assumere l\u2019identit\u00e0 di chi ha di fronte. \u00a0 In psichiatria e psicologia ci sono stati molti casi di pazienti che dopo una lesione cerebrale [&hellip;]<\/p>\n","protected":false},"author":1,"featured_media":0,"comment_status":"closed","ping_status":"open","sticky":false,"template":"","format":"standard","meta":{"footnotes":""},"categories":[12],"tags":[],"class_list":["post-61","post","type-post","status-publish","format-standard","category-eventi-citazioni","czr-hentry"],"aioseo_notices":[],"aioseo_head":"\n\t\t<!-- All in One SEO 5.0.0.1 - aioseo.com -->\n\t<meta name=\"description\" content=\"Sindrome da Zelig dott. Ingrid Bersenda Nel film di Woody Allen del 1983 viene raccontata la storia di un uomo affetto da un sorprendente disturbo mentale che lo costringe ad assumere l\u2019identit\u00e0 di chi ha di fronte. In psichiatria e psicologia ci sono stati molti casi di pazienti che dopo una lesione cerebrale\" \/>\n\t<meta name=\"robots\" content=\"max-image-preview:large\" \/>\n\t<meta name=\"author\" content=\"idt-adm-b382ee\"\/>\n\t<link rel=\"canonical\" href=\"https:\/\/psicologo.trieste.it\/sl\/eventi-citazioni\/sindrome-da-zelig\" \/>\n\t<meta name=\"generator\" content=\"All in One SEO (AIOSEO) 5.0.0.1\" \/>\n\t\t<meta property=\"og:locale\" content=\"sl_SI\" \/>\n\t\t<meta property=\"og:site_name\" content=\"Psicologo Trieste |\" \/>\n\t\t<meta property=\"og:type\" content=\"article\" \/>\n\t\t<meta property=\"og:title\" content=\"Sindrome da Zelig | Psicologo Trieste\" \/>\n\t\t<meta property=\"og:description\" content=\"Sindrome da Zelig dott. Ingrid Bersenda Nel film di Woody Allen del 1983 viene raccontata la storia di un uomo affetto da un sorprendente disturbo mentale che lo costringe ad assumere l\u2019identit\u00e0 di chi ha di fronte. In psichiatria e psicologia ci sono stati molti casi di pazienti che dopo una lesione cerebrale\" \/>\n\t\t<meta property=\"og:url\" content=\"https:\/\/psicologo.trieste.it\/sl\/eventi-citazioni\/sindrome-da-zelig\" \/>\n\t\t<meta property=\"article:published_time\" content=\"2010-05-21T20:26:08+00:00\" \/>\n\t\t<meta property=\"article:modified_time\" content=\"2015-02-03T13:32:28+00:00\" \/>\n\t\t<meta name=\"twitter:card\" content=\"summary\" \/>\n\t\t<meta name=\"twitter:title\" content=\"Sindrome da Zelig | Psicologo Trieste\" \/>\n\t\t<meta name=\"twitter:description\" content=\"Sindrome da Zelig dott. Ingrid Bersenda Nel film di Woody Allen del 1983 viene raccontata la storia di un uomo affetto da un sorprendente disturbo mentale che lo costringe ad assumere l\u2019identit\u00e0 di chi ha di fronte. In psichiatria e psicologia ci sono stati molti casi di pazienti che dopo una lesione cerebrale\" \/>\n\t\t<script type=\"application\/ld+json\" class=\"aioseo-schema\">\n\t\t\t{\"@context\":\"https:\\\/\\\/schema.org\",\"@graph\":[{\"@type\":\"Article\",\"@id\":\"https:\\\/\\\/psicologo.trieste.it\\\/sl\\\/eventi-citazioni\\\/sindrome-da-zelig#article\",\"name\":\"Sindrome da Zelig | Psicologo Trieste\",\"headline\":\"Sindrome da Zelig\",\"author\":{\"@id\":\"https:\\\/\\\/psicologo.trieste.it\\\/sl\\\/author\\\/idt-adm-b382ee#author\"},\"publisher\":{\"@id\":\"https:\\\/\\\/psicologo.trieste.it\\\/sl\\\/#organization\"},\"datePublished\":\"2010-05-21T22:26:08+02:00\",\"dateModified\":\"2015-02-03T14:32:28+01:00\",\"inLanguage\":\"sl-SI\",\"mainEntityOfPage\":{\"@id\":\"https:\\\/\\\/psicologo.trieste.it\\\/sl\\\/eventi-citazioni\\\/sindrome-da-zelig#webpage\"},\"isPartOf\":{\"@id\":\"https:\\\/\\\/psicologo.trieste.it\\\/sl\\\/eventi-citazioni\\\/sindrome-da-zelig#webpage\"},\"articleSection\":\"Eventi e Citazioni\"},{\"@type\":\"BreadcrumbList\",\"@id\":\"https:\\\/\\\/psicologo.trieste.it\\\/sl\\\/eventi-citazioni\\\/sindrome-da-zelig#breadcrumblist\",\"itemListElement\":[{\"@type\":\"ListItem\",\"@id\":\"https:\\\/\\\/psicologo.trieste.it\\\/sl#listItem\",\"position\":1,\"name\":\"Home\",\"item\":\"https:\\\/\\\/psicologo.trieste.it\\\/sl\",\"nextItem\":{\"@type\":\"ListItem\",\"@id\":\"https:\\\/\\\/psicologo.trieste.it\\\/sl\\\/category\\\/eventi-citazioni#listItem\",\"name\":\"Eventi e Citazioni\"}},{\"@type\":\"ListItem\",\"@id\":\"https:\\\/\\\/psicologo.trieste.it\\\/sl\\\/category\\\/eventi-citazioni#listItem\",\"position\":2,\"name\":\"Eventi e Citazioni\",\"item\":\"https:\\\/\\\/psicologo.trieste.it\\\/sl\\\/category\\\/eventi-citazioni\",\"nextItem\":{\"@type\":\"ListItem\",\"@id\":\"https:\\\/\\\/psicologo.trieste.it\\\/sl\\\/eventi-citazioni\\\/sindrome-da-zelig#listItem\",\"name\":\"Sindrome da Zelig\"},\"previousItem\":{\"@type\":\"ListItem\",\"@id\":\"https:\\\/\\\/psicologo.trieste.it\\\/sl#listItem\",\"name\":\"Home\"}},{\"@type\":\"ListItem\",\"@id\":\"https:\\\/\\\/psicologo.trieste.it\\\/sl\\\/eventi-citazioni\\\/sindrome-da-zelig#listItem\",\"position\":3,\"name\":\"Sindrome da Zelig\",\"previousItem\":{\"@type\":\"ListItem\",\"@id\":\"https:\\\/\\\/psicologo.trieste.it\\\/sl\\\/category\\\/eventi-citazioni#listItem\",\"name\":\"Eventi e Citazioni\"}}]},{\"@type\":\"Organization\",\"@id\":\"https:\\\/\\\/psicologo.trieste.it\\\/sl\\\/#organization\",\"name\":\"Psicologo Trieste\",\"url\":\"https:\\\/\\\/psicologo.trieste.it\\\/sl\\\/\"},{\"@type\":\"Person\",\"@id\":\"https:\\\/\\\/psicologo.trieste.it\\\/sl\\\/author\\\/idt-adm-b382ee#author\",\"url\":\"https:\\\/\\\/psicologo.trieste.it\\\/sl\\\/author\\\/idt-adm-b382ee\",\"name\":\"idt-adm-b382ee\",\"image\":{\"@type\":\"ImageObject\",\"@id\":\"https:\\\/\\\/psicologo.trieste.it\\\/sl\\\/eventi-citazioni\\\/sindrome-da-zelig#authorImage\",\"url\":\"https:\\\/\\\/secure.gravatar.com\\\/avatar\\\/ffb2ce3998f5d3426dd6ebd3b61243623cbfbc28474e722b4aeeae30f549599d?s=96&d=mm&r=g\",\"width\":96,\"height\":96,\"caption\":\"idt-adm-b382ee\"}},{\"@type\":\"WebPage\",\"@id\":\"https:\\\/\\\/psicologo.trieste.it\\\/sl\\\/eventi-citazioni\\\/sindrome-da-zelig#webpage\",\"url\":\"https:\\\/\\\/psicologo.trieste.it\\\/sl\\\/eventi-citazioni\\\/sindrome-da-zelig\",\"name\":\"Sindrome da Zelig | Psicologo Trieste\",\"description\":\"Sindrome da Zelig dott. Ingrid Bersenda Nel film di Woody Allen del 1983 viene raccontata la storia di un uomo affetto da un sorprendente disturbo mentale che lo costringe ad assumere l\\u2019identit\\u00e0 di chi ha di fronte. In psichiatria e psicologia ci sono stati molti casi di pazienti che dopo una lesione cerebrale\",\"inLanguage\":\"sl-SI\",\"isPartOf\":{\"@id\":\"https:\\\/\\\/psicologo.trieste.it\\\/sl\\\/#website\"},\"breadcrumb\":{\"@id\":\"https:\\\/\\\/psicologo.trieste.it\\\/sl\\\/eventi-citazioni\\\/sindrome-da-zelig#breadcrumblist\"},\"author\":{\"@id\":\"https:\\\/\\\/psicologo.trieste.it\\\/sl\\\/author\\\/idt-adm-b382ee#author\"},\"creator\":{\"@id\":\"https:\\\/\\\/psicologo.trieste.it\\\/sl\\\/author\\\/idt-adm-b382ee#author\"},\"datePublished\":\"2010-05-21T22:26:08+02:00\",\"dateModified\":\"2015-02-03T14:32:28+01:00\"},{\"@type\":\"WebSite\",\"@id\":\"https:\\\/\\\/psicologo.trieste.it\\\/sl\\\/#website\",\"url\":\"https:\\\/\\\/psicologo.trieste.it\\\/sl\\\/\",\"name\":\"Psicologo Trieste\",\"inLanguage\":\"sl-SI\",\"publisher\":{\"@id\":\"https:\\\/\\\/psicologo.trieste.it\\\/sl\\\/#organization\"}}]}\n\t\t<\/script>\n\t\t<!-- All in One SEO -->\n\n","aioseo_head_json":{"title":"Sindrome da Zelig | Psicologo Trieste","description":"Sindrome da Zelig dott. Ingrid Bersenda Nel film di Woody Allen del 1983 viene raccontata la storia di un uomo affetto da un sorprendente disturbo mentale che lo costringe ad assumere l\u2019identit\u00e0 di chi ha di fronte. In psichiatria e psicologia ci sono stati molti casi di pazienti che dopo una lesione cerebrale","canonical_url":"https:\/\/psicologo.trieste.it\/sl\/eventi-citazioni\/sindrome-da-zelig","robots":"max-image-preview:large","keywords":"","webmasterTools":{"miscellaneous":""},"schema":{"@context":"https:\/\/schema.org","@graph":[{"@type":"Article","@id":"https:\/\/psicologo.trieste.it\/sl\/eventi-citazioni\/sindrome-da-zelig#article","name":"Sindrome da Zelig | Psicologo Trieste","headline":"Sindrome da Zelig","author":{"@id":"https:\/\/psicologo.trieste.it\/sl\/author\/idt-adm-b382ee#author"},"publisher":{"@id":"https:\/\/psicologo.trieste.it\/sl\/#organization"},"datePublished":"2010-05-21T22:26:08+02:00","dateModified":"2015-02-03T14:32:28+01:00","inLanguage":"sl-SI","mainEntityOfPage":{"@id":"https:\/\/psicologo.trieste.it\/sl\/eventi-citazioni\/sindrome-da-zelig#webpage"},"isPartOf":{"@id":"https:\/\/psicologo.trieste.it\/sl\/eventi-citazioni\/sindrome-da-zelig#webpage"},"articleSection":"Eventi e Citazioni"},{"@type":"BreadcrumbList","@id":"https:\/\/psicologo.trieste.it\/sl\/eventi-citazioni\/sindrome-da-zelig#breadcrumblist","itemListElement":[{"@type":"ListItem","@id":"https:\/\/psicologo.trieste.it\/sl#listItem","position":1,"name":"Home","item":"https:\/\/psicologo.trieste.it\/sl","nextItem":{"@type":"ListItem","@id":"https:\/\/psicologo.trieste.it\/sl\/category\/eventi-citazioni#listItem","name":"Eventi e Citazioni"}},{"@type":"ListItem","@id":"https:\/\/psicologo.trieste.it\/sl\/category\/eventi-citazioni#listItem","position":2,"name":"Eventi e Citazioni","item":"https:\/\/psicologo.trieste.it\/sl\/category\/eventi-citazioni","nextItem":{"@type":"ListItem","@id":"https:\/\/psicologo.trieste.it\/sl\/eventi-citazioni\/sindrome-da-zelig#listItem","name":"Sindrome da Zelig"},"previousItem":{"@type":"ListItem","@id":"https:\/\/psicologo.trieste.it\/sl#listItem","name":"Home"}},{"@type":"ListItem","@id":"https:\/\/psicologo.trieste.it\/sl\/eventi-citazioni\/sindrome-da-zelig#listItem","position":3,"name":"Sindrome da Zelig","previousItem":{"@type":"ListItem","@id":"https:\/\/psicologo.trieste.it\/sl\/category\/eventi-citazioni#listItem","name":"Eventi e Citazioni"}}]},{"@type":"Organization","@id":"https:\/\/psicologo.trieste.it\/sl\/#organization","name":"Psicologo Trieste","url":"https:\/\/psicologo.trieste.it\/sl\/"},{"@type":"Person","@id":"https:\/\/psicologo.trieste.it\/sl\/author\/idt-adm-b382ee#author","url":"https:\/\/psicologo.trieste.it\/sl\/author\/idt-adm-b382ee","name":"idt-adm-b382ee","image":{"@type":"ImageObject","@id":"https:\/\/psicologo.trieste.it\/sl\/eventi-citazioni\/sindrome-da-zelig#authorImage","url":"https:\/\/secure.gravatar.com\/avatar\/ffb2ce3998f5d3426dd6ebd3b61243623cbfbc28474e722b4aeeae30f549599d?s=96&d=mm&r=g","width":96,"height":96,"caption":"idt-adm-b382ee"}},{"@type":"WebPage","@id":"https:\/\/psicologo.trieste.it\/sl\/eventi-citazioni\/sindrome-da-zelig#webpage","url":"https:\/\/psicologo.trieste.it\/sl\/eventi-citazioni\/sindrome-da-zelig","name":"Sindrome da Zelig | Psicologo Trieste","description":"Sindrome da Zelig dott. Ingrid Bersenda Nel film di Woody Allen del 1983 viene raccontata la storia di un uomo affetto da un sorprendente disturbo mentale che lo costringe ad assumere l\u2019identit\u00e0 di chi ha di fronte. In psichiatria e psicologia ci sono stati molti casi di pazienti che dopo una lesione cerebrale","inLanguage":"sl-SI","isPartOf":{"@id":"https:\/\/psicologo.trieste.it\/sl\/#website"},"breadcrumb":{"@id":"https:\/\/psicologo.trieste.it\/sl\/eventi-citazioni\/sindrome-da-zelig#breadcrumblist"},"author":{"@id":"https:\/\/psicologo.trieste.it\/sl\/author\/idt-adm-b382ee#author"},"creator":{"@id":"https:\/\/psicologo.trieste.it\/sl\/author\/idt-adm-b382ee#author"},"datePublished":"2010-05-21T22:26:08+02:00","dateModified":"2015-02-03T14:32:28+01:00"},{"@type":"WebSite","@id":"https:\/\/psicologo.trieste.it\/sl\/#website","url":"https:\/\/psicologo.trieste.it\/sl\/","name":"Psicologo Trieste","inLanguage":"sl-SI","publisher":{"@id":"https:\/\/psicologo.trieste.it\/sl\/#organization"}}]},"og:locale":"sl_SI","og:site_name":"Psicologo Trieste |","og:type":"article","og:title":"Sindrome da Zelig | Psicologo Trieste","og:description":"Sindrome da Zelig dott. Ingrid Bersenda Nel film di Woody Allen del 1983 viene raccontata la storia di un uomo affetto da un sorprendente disturbo mentale che lo costringe ad assumere l\u2019identit\u00e0 di chi ha di fronte. In psichiatria e psicologia ci sono stati molti casi di pazienti che dopo una lesione cerebrale","og:url":"https:\/\/psicologo.trieste.it\/sl\/eventi-citazioni\/sindrome-da-zelig","article:published_time":"2010-05-21T20:26:08+00:00","article:modified_time":"2015-02-03T13:32:28+00:00","twitter:card":"summary","twitter:title":"Sindrome da Zelig | Psicologo Trieste","twitter:description":"Sindrome da Zelig dott. Ingrid Bersenda Nel film di Woody Allen del 1983 viene raccontata la storia di un uomo affetto da un sorprendente disturbo mentale che lo costringe ad assumere l\u2019identit\u00e0 di chi ha di fronte. In psichiatria e psicologia ci sono stati molti casi di pazienti che dopo una lesione cerebrale"},"aioseo_meta_data":{"post_id":"61","title":null,"description":null,"keywords":null,"keyphrases":null,"primary_term":null,"canonical_url":null,"og_title":null,"og_description":null,"og_object_type":"default","og_image_type":"default","og_image_url":null,"og_image_width":null,"og_image_height":null,"og_image_custom_url":null,"og_image_custom_fields":null,"og_video":null,"og_custom_url":null,"og_article_section":null,"og_article_tags":null,"twitter_use_og":false,"twitter_card":"default","twitter_image_type":"default","twitter_image_url":null,"twitter_image_custom_url":null,"twitter_image_custom_fields":null,"twitter_title":null,"twitter_description":null,"schema":{"blockGraphs":[],"customGraphs":[],"default":{"data":{"Article":[],"Course":[],"Dataset":[],"FAQPage":[],"Movie":[],"Person":[],"Product":[],"ProductReview":[],"Car":[],"Recipe":[],"Service":[],"SoftwareApplication":[],"WebPage":[]},"graphName":"Article","isEnabled":true},"graphs":[]},"schema_type":null,"schema_type_options":null,"pillar_content":false,"robots_default":true,"robots_noindex":false,"robots_noarchive":false,"robots_nosnippet":false,"robots_nofollow":false,"robots_noimageindex":false,"robots_noodp":false,"robots_notranslate":false,"robots_max_snippet":null,"robots_max_videopreview":null,"robots_max_imagepreview":"large","priority":null,"frequency":null,"local_seo":null,"breadcrumb_settings":null,"limit_modified_date":false,"ai":null,"created":"2021-08-18 12:00:33","updated":"2025-10-18 12:05:48","focus_keyword":null,"additional_keywords":null,"truseo_locale":null,"seo_analyzer_scan_date":null},"aioseo_breadcrumb":"<div class=\"aioseo-breadcrumbs\"><span class=\"aioseo-breadcrumb\">\n\t\t\t<a href=\"https:\/\/psicologo.trieste.it\/sl\" title=\"Home\">Home<\/a>\n\t\t<\/span><span class=\"aioseo-breadcrumb-separator\">&raquo;<\/span><span class=\"aioseo-breadcrumb\">\n\t\t\t<a href=\"https:\/\/psicologo.trieste.it\/sl\/category\/eventi-citazioni\" title=\"Eventi e Citazioni\">Eventi e Citazioni<\/a>\n\t\t<\/span><span class=\"aioseo-breadcrumb-separator\">&raquo;<\/span><span class=\"aioseo-breadcrumb\">\n\t\t\tSindrome da Zelig\n\t\t<\/span><\/div>","aioseo_breadcrumb_json":[{"label":"Home","link":"https:\/\/psicologo.trieste.it\/sl"},{"label":"Eventi e Citazioni","link":"https:\/\/psicologo.trieste.it\/sl\/category\/eventi-citazioni"},{"label":"Sindrome da Zelig","link":"https:\/\/psicologo.trieste.it\/sl\/eventi-citazioni\/sindrome-da-zelig"}],"_links":{"self":[{"href":"https:\/\/psicologo.trieste.it\/sl\/wp-json\/wp\/v2\/posts\/61","targetHints":{"allow":["GET"]}}],"collection":[{"href":"https:\/\/psicologo.trieste.it\/sl\/wp-json\/wp\/v2\/posts"}],"about":[{"href":"https:\/\/psicologo.trieste.it\/sl\/wp-json\/wp\/v2\/types\/post"}],"author":[{"embeddable":true,"href":"https:\/\/psicologo.trieste.it\/sl\/wp-json\/wp\/v2\/users\/1"}],"replies":[{"embeddable":true,"href":"https:\/\/psicologo.trieste.it\/sl\/wp-json\/wp\/v2\/comments?post=61"}],"version-history":[{"count":1,"href":"https:\/\/psicologo.trieste.it\/sl\/wp-json\/wp\/v2\/posts\/61\/revisions"}],"predecessor-version":[{"id":376,"href":"https:\/\/psicologo.trieste.it\/sl\/wp-json\/wp\/v2\/posts\/61\/revisions\/376"}],"wp:attachment":[{"href":"https:\/\/psicologo.trieste.it\/sl\/wp-json\/wp\/v2\/media?parent=61"}],"wp:term":[{"taxonomy":"category","embeddable":true,"href":"https:\/\/psicologo.trieste.it\/sl\/wp-json\/wp\/v2\/categories?post=61"},{"taxonomy":"post_tag","embeddable":true,"href":"https:\/\/psicologo.trieste.it\/sl\/wp-json\/wp\/v2\/tags?post=61"}],"curies":[{"name":"wp","href":"https:\/\/api.w.org\/{rel}","templated":true}]}}