{"id":71,"date":"2010-06-11T09:59:18","date_gmt":"2010-06-11T07:59:18","guid":{"rendered":"http:\/\/psicologo.trieste.it\/?p=71"},"modified":"2015-03-09T14:59:28","modified_gmt":"2015-03-09T13:59:28","slug":"appello-degli-psicologi-per-laquila","status":"publish","type":"post","link":"https:\/\/psicologo.trieste.it\/sl\/la-psicologia\/appello-degli-psicologi-per-laquila","title":{"rendered":"Appello degli Psicologi per l&#8217;Aquila"},"content":{"rendered":"<p style=\"line-height: 12.75pt;\"><strong><strong><span style=\"font-family: Verdana; color: #666666; font-size: xx-small;\"><span style=\"font-size: 8.5pt; font-family: Verdana; color: #666666;\">RI-RI-Build mesto graditi identiteto oseb<\/span><\/span><\/strong><\/strong><strong><span style=\"font-family: Verdana; color: #666666; font-size: xx-small;\"><span style=\"font-size: 8.5pt; font-family: Verdana; color: #666666; font-weight: bold;\"><br \/>\n<strong><strong><span style=\"font-family: Verdana;\"><span style=\"font-family: Verdana;\">Prito\u017eba psihologov za L'Aquili<\/span><\/span><\/strong><\/strong><\/span><\/span><\/strong><\/p>\n<p style=\"line-height: 12.75pt;\"><span style=\"font-family: Verdana; color: #666666; font-size: xx-small;\"><span style=\"font-size: 8.5pt; font-family: Verdana; color: #666666;\">Il terremoto del 6 aprile 2009 ha sconvolto la citt\u00e0 dell\u2019Aquila e una parte rilevante della sua provincia. Oltre ai fabbricati, alle abitazioni, alle chiese ed ai monumenti, il terremoto ha danneggiato l\u2019identit\u00e0 di una vasta popolazione. Senza pi\u00f9 casa, una gran parte di aquilani ha trovato ospitalit\u00e0 nelle tendopoli, negli alberghi della regione e in altre sistemazioni di fortuna. Una parte di essi sta occupando i nuovi complessi abitativi edificati per l\u2019occasione. La priorit\u00e0 di trovare un tetto, un riparo, ha imposto loro di sparpagliarsi su un territorio amplissimo, spesso perdendo i punti di riferimento della quotidianit\u00e0 consolidati negli anni.<\/span><\/span><\/p>\n<p style=\"line-height: 12.75pt;\"><span style=\"font-family: Verdana; color: #666666; font-size: xx-small;\"><span style=\"font-size: 8.5pt; font-family: Verdana; color: #666666;\">L\u2019Aquila aveva un centro storico vitale e densamente abitato, non era solo meta turistica ma vero e proprio fulcro della vita sociale ed economica, luogo di incontro ed emblema di una comunit\u00e0 che in tale centro individuava un simbolo di appartenenza. Ed i centri storici sono sempre stati il cuore della vita delle persone e il segno di una continuit\u00e0 storica e affettiva con le proprie radici.<\/span><\/span><\/p>\n<p style=\"line-height: 12.75pt;\"><span style=\"font-family: Verdana; color: #666666; font-size: xx-small;\"><span style=\"font-size: 8.5pt; font-family: Verdana; color: #666666;\">Dal 6 aprile 2009 il centro storico dell\u2019Aquila, cos\u00ec come gli altri centri colpiti, \u00e8 blindato e inaccessibile per ineccepibili ragioni di sicurezza.<\/span><\/span><\/p>\n<p style=\"line-height: 12.75pt;\"><span style=\"font-family: Verdana; color: #666666; font-size: xx-small;\"><span style=\"font-size: 8.5pt; font-family: Verdana; color: #666666;\">Noi, professionisti della salute mentale, psicologi, psicoterapeuti e ricercatori, vogliamo evidenziare quanto sia importante e urgente restituire al pi\u00f9 presto alle popolazioni colpite i punti di riferimento in cui possano riconoscersi e possano riconoscere i loro luoghi; quanto sia rilevante prendersi cura della ricostruzione del tessuto sociale e relazionale che, insieme a quanto fatto finora, possa aiutare le persone a salvaguardare la propria stabilit\u00e0 e la propria integrit\u00e0; quanto sia impellente ripristinare elementi di continuit\u00e0 che permettano alle persone, al di l\u00e0 della grave frattura che hanno subito le loro vite, di adattarsi nella nuova realt\u00e0 recuperando quel senso di s\u00e9 la cui unitariet\u00e0 \u00e8 stata profondamente ferita.<\/span><\/span><\/p>\n<p style=\"line-height: 12.75pt;\"><span style=\"font-family: Verdana; color: #666666; font-size: xx-small;\"><span style=\"font-size: 8.5pt; font-family: Verdana; color: #666666;\">Riteniamo che un passaggio ineludibile della cura dei luoghi terremotati sia quello di fare in modo di riaprire pi\u00f9 spazi possibili di quei centri storici e di permettere alle persone di tornare a portare in quei luoghi la loro vita, di reincontrarsi, di riappropriarsi di quei pezzi di storia.<\/span><\/span><\/p>\n<p style=\"line-height: 12.75pt;\"><span style=\"font-family: Verdana; color: #666666; font-size: xx-small;\"><span style=\"font-size: 8.5pt; font-family: Verdana; color: #666666;\">Trascurare questi aspetti pu\u00f2 avere, a medio e a lungo termine, conseguenze disastrose sulla salute psicologica delle popolazioni colpite, sulla stabilit\u00e0 delle comunit\u00e0 e sulle speranze di ricostruzione, con costi ingentissimi per la collettivit\u00e0.<\/span><\/span><\/p>\n<p style=\"line-height: 12.75pt;\"><span style=\"font-family: Verdana; color: #666666; font-size: xx-small;\"><span style=\"font-size: 8.5pt; font-family: Verdana; color: #666666;\">Il nostro appello alle Autorit\u00e0 preposte vuole attirare l\u2019attenzione su un aspetto per nulla secondario \u2013 anche se immateriale \u2013 del dramma dell\u2019Aquila. Quello che chiediamo loro \u00e8 di farsi carico da oggi, e in tempi pi\u00f9 stretti possibile, di un piano per la messa in sicurezza di quanti pi\u00f9 spazi possibile dei centri storici con la prospettiva di permettere alla gente di tornare a popolarli e di riconnettersi con la storia interrotta della loro comunit\u00e0.<\/span><\/span><\/p>\n<p style=\"line-height: 12.75pt;\"><span style=\"font-family: Verdana; color: #666666; font-size: xx-small;\"><span style=\"font-size: 8.5pt; font-family: Verdana; color: #666666;\">Per aderire all\u2019appello (se sei psicologo, psicoterapeuta o ricercatore) invia una mail all\u2019indirizzo psiperlaquila@gmail.com specificando Cognome e Nome, Afferenza lavorativa, Sede.<\/span><\/span><\/p>","protected":false},"excerpt":{"rendered":"<p>RI-Costruire la citt\u00e0 per RI-Costruire l\u2019identit\u00e0 delle persone Appello degli psicologi per L\u2019Aquila Il terremoto del 6 aprile 2009 ha sconvolto la citt\u00e0 dell\u2019Aquila e una parte rilevante della sua provincia. Oltre ai fabbricati, alle abitazioni, alle chiese ed ai monumenti, il terremoto ha danneggiato l\u2019identit\u00e0 di una vasta popolazione. Senza pi\u00f9 casa, una gran [&hellip;]<\/p>\n","protected":false},"author":1,"featured_media":0,"comment_status":"closed","ping_status":"open","sticky":false,"template":"","format":"standard","meta":{"footnotes":""},"categories":[11],"tags":[111,96,113,115,32,109,110,112,114],"class_list":["post-71","post","type-post","status-publish","format-standard","category-la-psicologia","tag-aquila","tag-benessere","tag-identita","tag-persone","tag-psicologo","tag-psicoterapeuta","tag-ricercatore","tag-salute-mentale","tag-vita","czr-hentry"],"aioseo_notices":[],"aioseo_head":"\n\t\t<!-- All in One SEO 5.0.0.1 - aioseo.com -->\n\t<meta name=\"description\" content=\"RI-Costruire la citt\u00e0 per RI-Costruire l\u2019identit\u00e0 delle persone Appello degli psicologi per L\u2019Aquila Il terremoto del 6 aprile 2009 ha sconvolto la citt\u00e0 dell\u2019Aquila e una parte rilevante della sua provincia. Oltre ai fabbricati, alle abitazioni, alle chiese ed ai monumenti, il terremoto ha danneggiato l\u2019identit\u00e0 di una vasta popolazione. Senza pi\u00f9 casa, una gran\" \/>\n\t<meta name=\"robots\" content=\"max-image-preview:large\" \/>\n\t<meta name=\"author\" content=\"idt-adm-b382ee\"\/>\n\t<link rel=\"canonical\" href=\"https:\/\/psicologo.trieste.it\/sl\/la-psicologia\/appello-degli-psicologi-per-laquila\" \/>\n\t<meta name=\"generator\" content=\"All in One SEO (AIOSEO) 5.0.0.1\" \/>\n\t\t<meta property=\"og:locale\" content=\"sl_SI\" \/>\n\t\t<meta property=\"og:site_name\" content=\"Psicologo Trieste |\" \/>\n\t\t<meta property=\"og:type\" content=\"article\" \/>\n\t\t<meta property=\"og:title\" content=\"Appello degli Psicologi per l\u2019Aquila | Psicologo Trieste\" \/>\n\t\t<meta property=\"og:description\" content=\"RI-Costruire la citt\u00e0 per RI-Costruire l\u2019identit\u00e0 delle persone Appello degli psicologi per L\u2019Aquila Il terremoto del 6 aprile 2009 ha sconvolto la citt\u00e0 dell\u2019Aquila e una parte rilevante della sua provincia. Oltre ai fabbricati, alle abitazioni, alle chiese ed ai monumenti, il terremoto ha danneggiato l\u2019identit\u00e0 di una vasta popolazione. Senza pi\u00f9 casa, una gran\" \/>\n\t\t<meta property=\"og:url\" content=\"https:\/\/psicologo.trieste.it\/sl\/la-psicologia\/appello-degli-psicologi-per-laquila\" \/>\n\t\t<meta property=\"article:published_time\" content=\"2010-06-11T07:59:18+00:00\" \/>\n\t\t<meta property=\"article:modified_time\" content=\"2015-03-09T13:59:28+00:00\" \/>\n\t\t<meta name=\"twitter:card\" content=\"summary\" \/>\n\t\t<meta name=\"twitter:title\" content=\"Appello degli Psicologi per l\u2019Aquila | Psicologo Trieste\" \/>\n\t\t<meta name=\"twitter:description\" content=\"RI-Costruire la citt\u00e0 per RI-Costruire l\u2019identit\u00e0 delle persone Appello degli psicologi per L\u2019Aquila Il terremoto del 6 aprile 2009 ha sconvolto la citt\u00e0 dell\u2019Aquila e una parte rilevante della sua provincia. Oltre ai fabbricati, alle abitazioni, alle chiese ed ai monumenti, il terremoto ha danneggiato l\u2019identit\u00e0 di una vasta popolazione. Senza pi\u00f9 casa, una gran\" \/>\n\t\t<script type=\"application\/ld+json\" class=\"aioseo-schema\">\n\t\t\t{\"@context\":\"https:\\\/\\\/schema.org\",\"@graph\":[{\"@type\":\"Article\",\"@id\":\"https:\\\/\\\/psicologo.trieste.it\\\/sl\\\/la-psicologia\\\/appello-degli-psicologi-per-laquila#article\",\"name\":\"Appello degli Psicologi per l\\u2019Aquila | Psicologo Trieste\",\"headline\":\"Appello degli Psicologi per l&#8217;Aquila\",\"author\":{\"@id\":\"https:\\\/\\\/psicologo.trieste.it\\\/sl\\\/author\\\/idt-adm-b382ee#author\"},\"publisher\":{\"@id\":\"https:\\\/\\\/psicologo.trieste.it\\\/sl\\\/#organization\"},\"datePublished\":\"2010-06-11T09:59:18+02:00\",\"dateModified\":\"2015-03-09T14:59:28+01:00\",\"inLanguage\":\"sl-SI\",\"mainEntityOfPage\":{\"@id\":\"https:\\\/\\\/psicologo.trieste.it\\\/sl\\\/la-psicologia\\\/appello-degli-psicologi-per-laquila#webpage\"},\"isPartOf\":{\"@id\":\"https:\\\/\\\/psicologo.trieste.it\\\/sl\\\/la-psicologia\\\/appello-degli-psicologi-per-laquila#webpage\"},\"articleSection\":\"Psicologia, aquila, benessere, identit\\u00e0, persone, psicologo, psicoterapeuta, ricercatore, salute mentale, vita\"},{\"@type\":\"BreadcrumbList\",\"@id\":\"https:\\\/\\\/psicologo.trieste.it\\\/sl\\\/la-psicologia\\\/appello-degli-psicologi-per-laquila#breadcrumblist\",\"itemListElement\":[{\"@type\":\"ListItem\",\"@id\":\"https:\\\/\\\/psicologo.trieste.it\\\/sl#listItem\",\"position\":1,\"name\":\"Home\",\"item\":\"https:\\\/\\\/psicologo.trieste.it\\\/sl\",\"nextItem\":{\"@type\":\"ListItem\",\"@id\":\"https:\\\/\\\/psicologo.trieste.it\\\/sl\\\/category\\\/la-psicologia#listItem\",\"name\":\"Psicologia\"}},{\"@type\":\"ListItem\",\"@id\":\"https:\\\/\\\/psicologo.trieste.it\\\/sl\\\/category\\\/la-psicologia#listItem\",\"position\":2,\"name\":\"Psicologia\",\"item\":\"https:\\\/\\\/psicologo.trieste.it\\\/sl\\\/category\\\/la-psicologia\",\"nextItem\":{\"@type\":\"ListItem\",\"@id\":\"https:\\\/\\\/psicologo.trieste.it\\\/sl\\\/la-psicologia\\\/appello-degli-psicologi-per-laquila#listItem\",\"name\":\"Appello degli Psicologi per l&#8217;Aquila\"},\"previousItem\":{\"@type\":\"ListItem\",\"@id\":\"https:\\\/\\\/psicologo.trieste.it\\\/sl#listItem\",\"name\":\"Home\"}},{\"@type\":\"ListItem\",\"@id\":\"https:\\\/\\\/psicologo.trieste.it\\\/sl\\\/la-psicologia\\\/appello-degli-psicologi-per-laquila#listItem\",\"position\":3,\"name\":\"Appello degli Psicologi per l&#8217;Aquila\",\"previousItem\":{\"@type\":\"ListItem\",\"@id\":\"https:\\\/\\\/psicologo.trieste.it\\\/sl\\\/category\\\/la-psicologia#listItem\",\"name\":\"Psicologia\"}}]},{\"@type\":\"Organization\",\"@id\":\"https:\\\/\\\/psicologo.trieste.it\\\/sl\\\/#organization\",\"name\":\"Psicologo Trieste\",\"url\":\"https:\\\/\\\/psicologo.trieste.it\\\/sl\\\/\"},{\"@type\":\"Person\",\"@id\":\"https:\\\/\\\/psicologo.trieste.it\\\/sl\\\/author\\\/idt-adm-b382ee#author\",\"url\":\"https:\\\/\\\/psicologo.trieste.it\\\/sl\\\/author\\\/idt-adm-b382ee\",\"name\":\"idt-adm-b382ee\",\"image\":{\"@type\":\"ImageObject\",\"@id\":\"https:\\\/\\\/psicologo.trieste.it\\\/sl\\\/la-psicologia\\\/appello-degli-psicologi-per-laquila#authorImage\",\"url\":\"https:\\\/\\\/secure.gravatar.com\\\/avatar\\\/ffb2ce3998f5d3426dd6ebd3b61243623cbfbc28474e722b4aeeae30f549599d?s=96&d=mm&r=g\",\"width\":96,\"height\":96,\"caption\":\"idt-adm-b382ee\"}},{\"@type\":\"WebPage\",\"@id\":\"https:\\\/\\\/psicologo.trieste.it\\\/sl\\\/la-psicologia\\\/appello-degli-psicologi-per-laquila#webpage\",\"url\":\"https:\\\/\\\/psicologo.trieste.it\\\/sl\\\/la-psicologia\\\/appello-degli-psicologi-per-laquila\",\"name\":\"Appello degli Psicologi per l\\u2019Aquila | Psicologo Trieste\",\"description\":\"RI-Costruire la citt\\u00e0 per RI-Costruire l\\u2019identit\\u00e0 delle persone Appello degli psicologi per L\\u2019Aquila Il terremoto del 6 aprile 2009 ha sconvolto la citt\\u00e0 dell\\u2019Aquila e una parte rilevante della sua provincia. Oltre ai fabbricati, alle abitazioni, alle chiese ed ai monumenti, il terremoto ha danneggiato l\\u2019identit\\u00e0 di una vasta popolazione. Senza pi\\u00f9 casa, una gran\",\"inLanguage\":\"sl-SI\",\"isPartOf\":{\"@id\":\"https:\\\/\\\/psicologo.trieste.it\\\/sl\\\/#website\"},\"breadcrumb\":{\"@id\":\"https:\\\/\\\/psicologo.trieste.it\\\/sl\\\/la-psicologia\\\/appello-degli-psicologi-per-laquila#breadcrumblist\"},\"author\":{\"@id\":\"https:\\\/\\\/psicologo.trieste.it\\\/sl\\\/author\\\/idt-adm-b382ee#author\"},\"creator\":{\"@id\":\"https:\\\/\\\/psicologo.trieste.it\\\/sl\\\/author\\\/idt-adm-b382ee#author\"},\"datePublished\":\"2010-06-11T09:59:18+02:00\",\"dateModified\":\"2015-03-09T14:59:28+01:00\"},{\"@type\":\"WebSite\",\"@id\":\"https:\\\/\\\/psicologo.trieste.it\\\/sl\\\/#website\",\"url\":\"https:\\\/\\\/psicologo.trieste.it\\\/sl\\\/\",\"name\":\"Psicologo Trieste\",\"inLanguage\":\"sl-SI\",\"publisher\":{\"@id\":\"https:\\\/\\\/psicologo.trieste.it\\\/sl\\\/#organization\"}}]}\n\t\t<\/script>\n\t\t<!-- All in One SEO -->\n\n","aioseo_head_json":{"title":"Appello degli Psicologi per l\u2019Aquila | Psicologo Trieste","description":"RI-Costruire la citt\u00e0 per RI-Costruire l\u2019identit\u00e0 delle persone Appello degli psicologi per L\u2019Aquila Il terremoto del 6 aprile 2009 ha sconvolto la citt\u00e0 dell\u2019Aquila e una parte rilevante della sua provincia. Oltre ai fabbricati, alle abitazioni, alle chiese ed ai monumenti, il terremoto ha danneggiato l\u2019identit\u00e0 di una vasta popolazione. Senza pi\u00f9 casa, una gran","canonical_url":"https:\/\/psicologo.trieste.it\/sl\/la-psicologia\/appello-degli-psicologi-per-laquila","robots":"max-image-preview:large","keywords":"","webmasterTools":{"miscellaneous":""},"schema":{"@context":"https:\/\/schema.org","@graph":[{"@type":"Article","@id":"https:\/\/psicologo.trieste.it\/sl\/la-psicologia\/appello-degli-psicologi-per-laquila#article","name":"Appello degli Psicologi per l\u2019Aquila | Psicologo Trieste","headline":"Appello degli Psicologi per l&#8217;Aquila","author":{"@id":"https:\/\/psicologo.trieste.it\/sl\/author\/idt-adm-b382ee#author"},"publisher":{"@id":"https:\/\/psicologo.trieste.it\/sl\/#organization"},"datePublished":"2010-06-11T09:59:18+02:00","dateModified":"2015-03-09T14:59:28+01:00","inLanguage":"sl-SI","mainEntityOfPage":{"@id":"https:\/\/psicologo.trieste.it\/sl\/la-psicologia\/appello-degli-psicologi-per-laquila#webpage"},"isPartOf":{"@id":"https:\/\/psicologo.trieste.it\/sl\/la-psicologia\/appello-degli-psicologi-per-laquila#webpage"},"articleSection":"Psicologia, aquila, benessere, identit\u00e0, persone, psicologo, psicoterapeuta, ricercatore, salute mentale, vita"},{"@type":"BreadcrumbList","@id":"https:\/\/psicologo.trieste.it\/sl\/la-psicologia\/appello-degli-psicologi-per-laquila#breadcrumblist","itemListElement":[{"@type":"ListItem","@id":"https:\/\/psicologo.trieste.it\/sl#listItem","position":1,"name":"Home","item":"https:\/\/psicologo.trieste.it\/sl","nextItem":{"@type":"ListItem","@id":"https:\/\/psicologo.trieste.it\/sl\/category\/la-psicologia#listItem","name":"Psicologia"}},{"@type":"ListItem","@id":"https:\/\/psicologo.trieste.it\/sl\/category\/la-psicologia#listItem","position":2,"name":"Psicologia","item":"https:\/\/psicologo.trieste.it\/sl\/category\/la-psicologia","nextItem":{"@type":"ListItem","@id":"https:\/\/psicologo.trieste.it\/sl\/la-psicologia\/appello-degli-psicologi-per-laquila#listItem","name":"Appello degli Psicologi per l&#8217;Aquila"},"previousItem":{"@type":"ListItem","@id":"https:\/\/psicologo.trieste.it\/sl#listItem","name":"Home"}},{"@type":"ListItem","@id":"https:\/\/psicologo.trieste.it\/sl\/la-psicologia\/appello-degli-psicologi-per-laquila#listItem","position":3,"name":"Appello degli Psicologi per l&#8217;Aquila","previousItem":{"@type":"ListItem","@id":"https:\/\/psicologo.trieste.it\/sl\/category\/la-psicologia#listItem","name":"Psicologia"}}]},{"@type":"Organization","@id":"https:\/\/psicologo.trieste.it\/sl\/#organization","name":"Psicologo Trieste","url":"https:\/\/psicologo.trieste.it\/sl\/"},{"@type":"Person","@id":"https:\/\/psicologo.trieste.it\/sl\/author\/idt-adm-b382ee#author","url":"https:\/\/psicologo.trieste.it\/sl\/author\/idt-adm-b382ee","name":"idt-adm-b382ee","image":{"@type":"ImageObject","@id":"https:\/\/psicologo.trieste.it\/sl\/la-psicologia\/appello-degli-psicologi-per-laquila#authorImage","url":"https:\/\/secure.gravatar.com\/avatar\/ffb2ce3998f5d3426dd6ebd3b61243623cbfbc28474e722b4aeeae30f549599d?s=96&d=mm&r=g","width":96,"height":96,"caption":"idt-adm-b382ee"}},{"@type":"WebPage","@id":"https:\/\/psicologo.trieste.it\/sl\/la-psicologia\/appello-degli-psicologi-per-laquila#webpage","url":"https:\/\/psicologo.trieste.it\/sl\/la-psicologia\/appello-degli-psicologi-per-laquila","name":"Appello degli Psicologi per l\u2019Aquila | Psicologo Trieste","description":"RI-Costruire la citt\u00e0 per RI-Costruire l\u2019identit\u00e0 delle persone Appello degli psicologi per L\u2019Aquila Il terremoto del 6 aprile 2009 ha sconvolto la citt\u00e0 dell\u2019Aquila e una parte rilevante della sua provincia. Oltre ai fabbricati, alle abitazioni, alle chiese ed ai monumenti, il terremoto ha danneggiato l\u2019identit\u00e0 di una vasta popolazione. Senza pi\u00f9 casa, una gran","inLanguage":"sl-SI","isPartOf":{"@id":"https:\/\/psicologo.trieste.it\/sl\/#website"},"breadcrumb":{"@id":"https:\/\/psicologo.trieste.it\/sl\/la-psicologia\/appello-degli-psicologi-per-laquila#breadcrumblist"},"author":{"@id":"https:\/\/psicologo.trieste.it\/sl\/author\/idt-adm-b382ee#author"},"creator":{"@id":"https:\/\/psicologo.trieste.it\/sl\/author\/idt-adm-b382ee#author"},"datePublished":"2010-06-11T09:59:18+02:00","dateModified":"2015-03-09T14:59:28+01:00"},{"@type":"WebSite","@id":"https:\/\/psicologo.trieste.it\/sl\/#website","url":"https:\/\/psicologo.trieste.it\/sl\/","name":"Psicologo Trieste","inLanguage":"sl-SI","publisher":{"@id":"https:\/\/psicologo.trieste.it\/sl\/#organization"}}]},"og:locale":"sl_SI","og:site_name":"Psicologo Trieste |","og:type":"article","og:title":"Appello degli Psicologi per l\u2019Aquila | Psicologo Trieste","og:description":"RI-Costruire la citt\u00e0 per RI-Costruire l\u2019identit\u00e0 delle persone Appello degli psicologi per L\u2019Aquila Il terremoto del 6 aprile 2009 ha sconvolto la citt\u00e0 dell\u2019Aquila e una parte rilevante della sua provincia. Oltre ai fabbricati, alle abitazioni, alle chiese ed ai monumenti, il terremoto ha danneggiato l\u2019identit\u00e0 di una vasta popolazione. Senza pi\u00f9 casa, una gran","og:url":"https:\/\/psicologo.trieste.it\/sl\/la-psicologia\/appello-degli-psicologi-per-laquila","article:published_time":"2010-06-11T07:59:18+00:00","article:modified_time":"2015-03-09T13:59:28+00:00","twitter:card":"summary","twitter:title":"Appello degli Psicologi per l\u2019Aquila | Psicologo Trieste","twitter:description":"RI-Costruire la citt\u00e0 per RI-Costruire l\u2019identit\u00e0 delle persone Appello degli psicologi per L\u2019Aquila Il terremoto del 6 aprile 2009 ha sconvolto la citt\u00e0 dell\u2019Aquila e una parte rilevante della sua provincia. Oltre ai fabbricati, alle abitazioni, alle chiese ed ai monumenti, il terremoto ha danneggiato l\u2019identit\u00e0 di una vasta popolazione. Senza pi\u00f9 casa, una gran"},"aioseo_meta_data":{"post_id":"71","title":null,"description":null,"keywords":null,"keyphrases":null,"primary_term":null,"canonical_url":null,"og_title":null,"og_description":null,"og_object_type":"default","og_image_type":"default","og_image_url":null,"og_image_width":null,"og_image_height":null,"og_image_custom_url":null,"og_image_custom_fields":null,"og_video":null,"og_custom_url":null,"og_article_section":null,"og_article_tags":null,"twitter_use_og":false,"twitter_card":"default","twitter_image_type":"default","twitter_image_url":null,"twitter_image_custom_url":null,"twitter_image_custom_fields":null,"twitter_title":null,"twitter_description":null,"schema":{"blockGraphs":[],"customGraphs":[],"default":{"data":{"Article":[],"Course":[],"Dataset":[],"FAQPage":[],"Movie":[],"Person":[],"Product":[],"ProductReview":[],"Car":[],"Recipe":[],"Service":[],"SoftwareApplication":[],"WebPage":[]},"graphName":"Article","isEnabled":true},"graphs":[]},"schema_type":null,"schema_type_options":null,"pillar_content":false,"robots_default":true,"robots_noindex":false,"robots_noarchive":false,"robots_nosnippet":false,"robots_nofollow":false,"robots_noimageindex":false,"robots_noodp":false,"robots_notranslate":false,"robots_max_snippet":null,"robots_max_videopreview":null,"robots_max_imagepreview":"large","priority":null,"frequency":null,"local_seo":null,"breadcrumb_settings":null,"limit_modified_date":false,"ai":null,"created":"2021-08-18 12:00:33","updated":"2025-10-18 12:05:48","focus_keyword":null,"additional_keywords":null,"truseo_locale":null,"seo_analyzer_scan_date":null},"aioseo_breadcrumb":"<div class=\"aioseo-breadcrumbs\"><span class=\"aioseo-breadcrumb\">\n\t\t\t<a href=\"https:\/\/psicologo.trieste.it\/sl\" title=\"Home\">Home<\/a>\n\t\t<\/span><span class=\"aioseo-breadcrumb-separator\">&raquo;<\/span><span class=\"aioseo-breadcrumb\">\n\t\t\t<a href=\"https:\/\/psicologo.trieste.it\/sl\/category\/la-psicologia\" title=\"Psicologia\">Psicologia<\/a>\n\t\t<\/span><span class=\"aioseo-breadcrumb-separator\">&raquo;<\/span><span class=\"aioseo-breadcrumb\">\n\t\t\tAppello degli Psicologi per l\u2019Aquila\n\t\t<\/span><\/div>","aioseo_breadcrumb_json":[{"label":"Home","link":"https:\/\/psicologo.trieste.it\/sl"},{"label":"Psicologia","link":"https:\/\/psicologo.trieste.it\/sl\/category\/la-psicologia"},{"label":"Appello degli Psicologi per l&#8217;Aquila","link":"https:\/\/psicologo.trieste.it\/sl\/la-psicologia\/appello-degli-psicologi-per-laquila"}],"_links":{"self":[{"href":"https:\/\/psicologo.trieste.it\/sl\/wp-json\/wp\/v2\/posts\/71","targetHints":{"allow":["GET"]}}],"collection":[{"href":"https:\/\/psicologo.trieste.it\/sl\/wp-json\/wp\/v2\/posts"}],"about":[{"href":"https:\/\/psicologo.trieste.it\/sl\/wp-json\/wp\/v2\/types\/post"}],"author":[{"embeddable":true,"href":"https:\/\/psicologo.trieste.it\/sl\/wp-json\/wp\/v2\/users\/1"}],"replies":[{"embeddable":true,"href":"https:\/\/psicologo.trieste.it\/sl\/wp-json\/wp\/v2\/comments?post=71"}],"version-history":[{"count":2,"href":"https:\/\/psicologo.trieste.it\/sl\/wp-json\/wp\/v2\/posts\/71\/revisions"}],"predecessor-version":[{"id":444,"href":"https:\/\/psicologo.trieste.it\/sl\/wp-json\/wp\/v2\/posts\/71\/revisions\/444"}],"wp:attachment":[{"href":"https:\/\/psicologo.trieste.it\/sl\/wp-json\/wp\/v2\/media?parent=71"}],"wp:term":[{"taxonomy":"category","embeddable":true,"href":"https:\/\/psicologo.trieste.it\/sl\/wp-json\/wp\/v2\/categories?post=71"},{"taxonomy":"post_tag","embeddable":true,"href":"https:\/\/psicologo.trieste.it\/sl\/wp-json\/wp\/v2\/tags?post=71"}],"curies":[{"name":"wp","href":"https:\/\/api.w.org\/{rel}","templated":true}]}}