{"id":73,"date":"2010-06-22T09:04:53","date_gmt":"2010-06-22T07:04:53","guid":{"rendered":"http:\/\/psicologo.trieste.it\/?p=73"},"modified":"2016-07-11T16:34:57","modified_gmt":"2016-07-11T14:34:57","slug":"convenzioni","status":"publish","type":"post","link":"https:\/\/psicologo.trieste.it\/sl\/dott-ingrid-bersenda\/convenzioni","title":{"rendered":"Konvenkcije"},"content":{"rendered":"<p align=\"justify\">KONVENCIJA S FINAN\u010cNO POLICIJO<\/p>\n<p align=\"justify\"><span style=\"font-size: x-small;\"><span style=\"font-size: xx-small;\"><span style=\"font-size: small;\">Il 18 maggio 2009 \u00e8 stato firmato a Roma dal Comandante Generale della <strong>Guardia di Finanza<\/strong>, Gen. C.A. Cosimo D.Arrigo e dal Presidente del <strong>Consiglio Nazionale dell&#8217;Ordine degli Psicologi (CNOP)<\/strong>, Giuseppe Luigi Palma, un <a href=\"\/wp-content\/uploads\/2010\/06\/https___areariservata.psy.it_PDF_ProtocolloIntesaGDF.pdf\" target=\"_blank\">Protocollo d&#8217;Intesa<\/a> na <strong>pove\u010dati kulturo dobrega po\u010dutja in razvoj kakovosti \u017eivljenja v vojski<\/strong>. <\/span><\/span><\/span><\/p>\n<p align=\"justify\"><span style=\"font-size: small;\"> Una partnership privilegiata per proporre un&#8217;<strong>organska in kvalificirana ponudba psiholo\u0161kih storitev<\/strong> in psihoterapevtske <strong>vojski<\/strong> &#8211; in servizio e in congedo &#8211; <strong>in njihovi dru\u017einski \u010dlani<\/strong>. Lo scopo \u00e8 quello di rafforzare le attivit\u00e0 di assistenza e protezione sociale realizzate dalla Guardia di Finanza. <\/span><\/p>\n<p align=\"justify\"><span style=\"font-size: small;\"> Le prestazioni saranno erogate dagli psicologi iscritti alla sezione A dell&#8217;Albo degli psicologi e dagli psicologi autorizzati all&#8217;esercizio dell&#8217;attivit\u00e0 psicoterapeutica ai sensi degli art. 3 e 35 della Legge 56\/89, che manifesteranno la volont\u00e0 di aderire al presente Protocollo d&#8217;Intesa. <\/span><\/p>\n<p>&nbsp;<\/p>\n<p><span style=\"font-size: small;\">KONVENCIJA Z ASSOMEDICO<\/span><\/p>\n<p><span style=\"font-size: small;\">IL 23 giugno 2011 \u00e8 stata firmata a Roma da G. Mosca, segretario generale di AssoMedico, e da G.L.Palma, Presidente del Consiglio Nazionale dell&#8217;Odine degli Psicologi, il Protocollo d&#8217;Intesa per la fornitura di prestazioni professionali a favore degli iscritti AssoMedico e dei loro familiari.<\/span><\/p>\n<p>&nbsp;<\/p>\n<p><span style=\"font-size: small;\">KONVENCIJA Z DR\u017dAVNO POLICIJO<\/span><\/p>\n<p><span style=\"font-size: small;\">IL 12 luglio 2012 \u00e8 stato firmato il Protocollo d&#8217;Intesa tra il Consiglio dell&#8217;Ordine degli Psicologi e la Polizia di Stato per promuovere\u00a0 l&#8217;incontro tra domanda e offerta di prestazioni psicologiche in favore di dipendenti della Polizia di Stato &#8211; in servizio ed in congedo &#8211; e loro familiari. <\/span><\/p>\n<p>&nbsp;<\/p>\n<p><span style=\"font-size: small;\">Psiholog<a href=\"\/sl\/articoli\/dott-ingrid-bersenda\/dott-ingrid-bersenda\/\"> Ingrid Bersenda<\/a> ha aderito a tutte e tre i protocolli d&#8217;intesa.<\/span><\/p>","protected":false},"excerpt":{"rendered":"<p>CONVENZIONE CON LA GUARDIA DI FINANZA Il 18 maggio 2009 \u00e8 stato firmato a Roma dal Comandante Generale della Guardia di Finanza, Gen. C.A. Cosimo D.Arrigo e dal Presidente del Consiglio Nazionale dell&#8217;Ordine degli Psicologi (CNOP), Giuseppe Luigi Palma, un Protocollo d&#8217;Intesa per accrescere la cultura del benessere e lo sviluppo della qualit\u00e0 della vita [&hellip;]<\/p>\n","protected":false},"author":1,"featured_media":0,"comment_status":"closed","ping_status":"open","sticky":false,"template":"","format":"standard","meta":{"footnotes":""},"categories":[9],"tags":[119,121,38,116,37,117,118,122,120,35,32,36],"class_list":["post-73","post","type-post","status-publish","format-standard","category-dott-ingrid-bersenda","tag-accordo","tag-assomedico","tag-bersenda","tag-cnop","tag-friuli-venezia-giulia","tag-guardia-di-finanza","tag-militari","tag-polizia-di-stato","tag-protocollo","tag-psicologa","tag-psicologo","tag-trieste","czr-hentry"],"aioseo_notices":[],"aioseo_head":"\n\t\t<!-- All in One SEO 5.0.0.1 - aioseo.com -->\n\t<meta name=\"description\" content=\"CONVENZIONE CON LA GUARDIA DI FINANZA Il 18 maggio 2009 \u00e8 stato firmato a Roma dal Comandante Generale della Guardia di Finanza, Gen. C.A. Cosimo D.Arrigo e dal Presidente del Consiglio Nazionale dell&#039;Ordine degli Psicologi (CNOP), Giuseppe Luigi Palma, un Protocollo d&#039;Intesa per accrescere la cultura del benessere e lo sviluppo della qualit\u00e0 della vita\" \/>\n\t<meta name=\"robots\" content=\"max-image-preview:large\" \/>\n\t<meta name=\"author\" content=\"idt-adm-b382ee\"\/>\n\t<link rel=\"canonical\" href=\"https:\/\/psicologo.trieste.it\/sl\/dott-ingrid-bersenda\/convenzioni\" \/>\n\t<meta name=\"generator\" content=\"All in One SEO (AIOSEO) 5.0.0.1\" \/>\n\t\t<meta property=\"og:locale\" content=\"sl_SI\" \/>\n\t\t<meta property=\"og:site_name\" content=\"Psicologo Trieste |\" \/>\n\t\t<meta property=\"og:type\" content=\"article\" \/>\n\t\t<meta property=\"og:title\" content=\"Convenzioni | Psicologo Trieste\" \/>\n\t\t<meta property=\"og:description\" content=\"CONVENZIONE CON LA GUARDIA DI FINANZA Il 18 maggio 2009 \u00e8 stato firmato a Roma dal Comandante Generale della Guardia di Finanza, Gen. C.A. Cosimo D.Arrigo e dal Presidente del Consiglio Nazionale dell&#039;Ordine degli Psicologi (CNOP), Giuseppe Luigi Palma, un Protocollo d&#039;Intesa per accrescere la cultura del benessere e lo sviluppo della qualit\u00e0 della vita\" \/>\n\t\t<meta property=\"og:url\" content=\"https:\/\/psicologo.trieste.it\/sl\/dott-ingrid-bersenda\/convenzioni\" \/>\n\t\t<meta property=\"article:published_time\" content=\"2010-06-22T07:04:53+00:00\" \/>\n\t\t<meta property=\"article:modified_time\" content=\"2016-07-11T14:34:57+00:00\" \/>\n\t\t<meta name=\"twitter:card\" content=\"summary\" \/>\n\t\t<meta name=\"twitter:title\" content=\"Convenzioni | Psicologo Trieste\" \/>\n\t\t<meta name=\"twitter:description\" content=\"CONVENZIONE CON LA GUARDIA DI FINANZA Il 18 maggio 2009 \u00e8 stato firmato a Roma dal Comandante Generale della Guardia di Finanza, Gen. C.A. Cosimo D.Arrigo e dal Presidente del Consiglio Nazionale dell&#039;Ordine degli Psicologi (CNOP), Giuseppe Luigi Palma, un Protocollo d&#039;Intesa per accrescere la cultura del benessere e lo sviluppo della qualit\u00e0 della vita\" \/>\n\t\t<script type=\"application\/ld+json\" class=\"aioseo-schema\">\n\t\t\t{\"@context\":\"https:\\\/\\\/schema.org\",\"@graph\":[{\"@type\":\"Article\",\"@id\":\"https:\\\/\\\/psicologo.trieste.it\\\/sl\\\/dott-ingrid-bersenda\\\/convenzioni#article\",\"name\":\"Convenzioni | Psicologo Trieste\",\"headline\":\"Convenzioni\",\"author\":{\"@id\":\"https:\\\/\\\/psicologo.trieste.it\\\/sl\\\/author\\\/idt-adm-b382ee#author\"},\"publisher\":{\"@id\":\"https:\\\/\\\/psicologo.trieste.it\\\/sl\\\/#organization\"},\"datePublished\":\"2010-06-22T09:04:53+02:00\",\"dateModified\":\"2016-07-11T16:34:57+02:00\",\"inLanguage\":\"sl-SI\",\"mainEntityOfPage\":{\"@id\":\"https:\\\/\\\/psicologo.trieste.it\\\/sl\\\/dott-ingrid-bersenda\\\/convenzioni#webpage\"},\"isPartOf\":{\"@id\":\"https:\\\/\\\/psicologo.trieste.it\\\/sl\\\/dott-ingrid-bersenda\\\/convenzioni#webpage\"},\"articleSection\":\"Dott. Ingrid Bersenda, accordo, assomedico, bersenda, cnop, friuli venezia giulia, guardia di finanza, militari, polizia di stato, protocollo, psicologa, psicologo, trieste\"},{\"@type\":\"BreadcrumbList\",\"@id\":\"https:\\\/\\\/psicologo.trieste.it\\\/sl\\\/dott-ingrid-bersenda\\\/convenzioni#breadcrumblist\",\"itemListElement\":[{\"@type\":\"ListItem\",\"@id\":\"https:\\\/\\\/psicologo.trieste.it\\\/sl#listItem\",\"position\":1,\"name\":\"Home\",\"item\":\"https:\\\/\\\/psicologo.trieste.it\\\/sl\",\"nextItem\":{\"@type\":\"ListItem\",\"@id\":\"https:\\\/\\\/psicologo.trieste.it\\\/sl\\\/category\\\/dott-ingrid-bersenda#listItem\",\"name\":\"Dott. Ingrid Bersenda\"}},{\"@type\":\"ListItem\",\"@id\":\"https:\\\/\\\/psicologo.trieste.it\\\/sl\\\/category\\\/dott-ingrid-bersenda#listItem\",\"position\":2,\"name\":\"Dott. Ingrid Bersenda\",\"item\":\"https:\\\/\\\/psicologo.trieste.it\\\/sl\\\/category\\\/dott-ingrid-bersenda\",\"nextItem\":{\"@type\":\"ListItem\",\"@id\":\"https:\\\/\\\/psicologo.trieste.it\\\/sl\\\/dott-ingrid-bersenda\\\/convenzioni#listItem\",\"name\":\"Convenzioni\"},\"previousItem\":{\"@type\":\"ListItem\",\"@id\":\"https:\\\/\\\/psicologo.trieste.it\\\/sl#listItem\",\"name\":\"Home\"}},{\"@type\":\"ListItem\",\"@id\":\"https:\\\/\\\/psicologo.trieste.it\\\/sl\\\/dott-ingrid-bersenda\\\/convenzioni#listItem\",\"position\":3,\"name\":\"Convenzioni\",\"previousItem\":{\"@type\":\"ListItem\",\"@id\":\"https:\\\/\\\/psicologo.trieste.it\\\/sl\\\/category\\\/dott-ingrid-bersenda#listItem\",\"name\":\"Dott. Ingrid Bersenda\"}}]},{\"@type\":\"Organization\",\"@id\":\"https:\\\/\\\/psicologo.trieste.it\\\/sl\\\/#organization\",\"name\":\"Psicologo Trieste\",\"url\":\"https:\\\/\\\/psicologo.trieste.it\\\/sl\\\/\"},{\"@type\":\"Person\",\"@id\":\"https:\\\/\\\/psicologo.trieste.it\\\/sl\\\/author\\\/idt-adm-b382ee#author\",\"url\":\"https:\\\/\\\/psicologo.trieste.it\\\/sl\\\/author\\\/idt-adm-b382ee\",\"name\":\"idt-adm-b382ee\",\"image\":{\"@type\":\"ImageObject\",\"@id\":\"https:\\\/\\\/psicologo.trieste.it\\\/sl\\\/dott-ingrid-bersenda\\\/convenzioni#authorImage\",\"url\":\"https:\\\/\\\/secure.gravatar.com\\\/avatar\\\/ffb2ce3998f5d3426dd6ebd3b61243623cbfbc28474e722b4aeeae30f549599d?s=96&d=mm&r=g\",\"width\":96,\"height\":96,\"caption\":\"idt-adm-b382ee\"}},{\"@type\":\"WebPage\",\"@id\":\"https:\\\/\\\/psicologo.trieste.it\\\/sl\\\/dott-ingrid-bersenda\\\/convenzioni#webpage\",\"url\":\"https:\\\/\\\/psicologo.trieste.it\\\/sl\\\/dott-ingrid-bersenda\\\/convenzioni\",\"name\":\"Convenzioni | Psicologo Trieste\",\"description\":\"CONVENZIONE CON LA GUARDIA DI FINANZA Il 18 maggio 2009 \\u00e8 stato firmato a Roma dal Comandante Generale della Guardia di Finanza, Gen. C.A. Cosimo D.Arrigo e dal Presidente del Consiglio Nazionale dell'Ordine degli Psicologi (CNOP), Giuseppe Luigi Palma, un Protocollo d'Intesa per accrescere la cultura del benessere e lo sviluppo della qualit\\u00e0 della vita\",\"inLanguage\":\"sl-SI\",\"isPartOf\":{\"@id\":\"https:\\\/\\\/psicologo.trieste.it\\\/sl\\\/#website\"},\"breadcrumb\":{\"@id\":\"https:\\\/\\\/psicologo.trieste.it\\\/sl\\\/dott-ingrid-bersenda\\\/convenzioni#breadcrumblist\"},\"author\":{\"@id\":\"https:\\\/\\\/psicologo.trieste.it\\\/sl\\\/author\\\/idt-adm-b382ee#author\"},\"creator\":{\"@id\":\"https:\\\/\\\/psicologo.trieste.it\\\/sl\\\/author\\\/idt-adm-b382ee#author\"},\"datePublished\":\"2010-06-22T09:04:53+02:00\",\"dateModified\":\"2016-07-11T16:34:57+02:00\"},{\"@type\":\"WebSite\",\"@id\":\"https:\\\/\\\/psicologo.trieste.it\\\/sl\\\/#website\",\"url\":\"https:\\\/\\\/psicologo.trieste.it\\\/sl\\\/\",\"name\":\"Psicologo Trieste\",\"inLanguage\":\"sl-SI\",\"publisher\":{\"@id\":\"https:\\\/\\\/psicologo.trieste.it\\\/sl\\\/#organization\"}}]}\n\t\t<\/script>\n\t\t<!-- All in One SEO -->\n\n","aioseo_head_json":{"title":"Convenzioni | Psicologo Trieste","description":"CONVENZIONE CON LA GUARDIA DI FINANZA Il 18 maggio 2009 \u00e8 stato firmato a Roma dal Comandante Generale della Guardia di Finanza, Gen. C.A. Cosimo D.Arrigo e dal Presidente del Consiglio Nazionale dell'Ordine degli Psicologi (CNOP), Giuseppe Luigi Palma, un Protocollo d'Intesa per accrescere la cultura del benessere e lo sviluppo della qualit\u00e0 della vita","canonical_url":"https:\/\/psicologo.trieste.it\/sl\/dott-ingrid-bersenda\/convenzioni","robots":"max-image-preview:large","keywords":"","webmasterTools":{"miscellaneous":""},"schema":{"@context":"https:\/\/schema.org","@graph":[{"@type":"Article","@id":"https:\/\/psicologo.trieste.it\/sl\/dott-ingrid-bersenda\/convenzioni#article","name":"Convenzioni | Psicologo Trieste","headline":"Convenzioni","author":{"@id":"https:\/\/psicologo.trieste.it\/sl\/author\/idt-adm-b382ee#author"},"publisher":{"@id":"https:\/\/psicologo.trieste.it\/sl\/#organization"},"datePublished":"2010-06-22T09:04:53+02:00","dateModified":"2016-07-11T16:34:57+02:00","inLanguage":"sl-SI","mainEntityOfPage":{"@id":"https:\/\/psicologo.trieste.it\/sl\/dott-ingrid-bersenda\/convenzioni#webpage"},"isPartOf":{"@id":"https:\/\/psicologo.trieste.it\/sl\/dott-ingrid-bersenda\/convenzioni#webpage"},"articleSection":"Dott. Ingrid Bersenda, accordo, assomedico, bersenda, cnop, friuli venezia giulia, guardia di finanza, militari, polizia di stato, protocollo, psicologa, psicologo, trieste"},{"@type":"BreadcrumbList","@id":"https:\/\/psicologo.trieste.it\/sl\/dott-ingrid-bersenda\/convenzioni#breadcrumblist","itemListElement":[{"@type":"ListItem","@id":"https:\/\/psicologo.trieste.it\/sl#listItem","position":1,"name":"Home","item":"https:\/\/psicologo.trieste.it\/sl","nextItem":{"@type":"ListItem","@id":"https:\/\/psicologo.trieste.it\/sl\/category\/dott-ingrid-bersenda#listItem","name":"Dott. Ingrid Bersenda"}},{"@type":"ListItem","@id":"https:\/\/psicologo.trieste.it\/sl\/category\/dott-ingrid-bersenda#listItem","position":2,"name":"Dott. Ingrid Bersenda","item":"https:\/\/psicologo.trieste.it\/sl\/category\/dott-ingrid-bersenda","nextItem":{"@type":"ListItem","@id":"https:\/\/psicologo.trieste.it\/sl\/dott-ingrid-bersenda\/convenzioni#listItem","name":"Convenzioni"},"previousItem":{"@type":"ListItem","@id":"https:\/\/psicologo.trieste.it\/sl#listItem","name":"Home"}},{"@type":"ListItem","@id":"https:\/\/psicologo.trieste.it\/sl\/dott-ingrid-bersenda\/convenzioni#listItem","position":3,"name":"Convenzioni","previousItem":{"@type":"ListItem","@id":"https:\/\/psicologo.trieste.it\/sl\/category\/dott-ingrid-bersenda#listItem","name":"Dott. Ingrid Bersenda"}}]},{"@type":"Organization","@id":"https:\/\/psicologo.trieste.it\/sl\/#organization","name":"Psicologo Trieste","url":"https:\/\/psicologo.trieste.it\/sl\/"},{"@type":"Person","@id":"https:\/\/psicologo.trieste.it\/sl\/author\/idt-adm-b382ee#author","url":"https:\/\/psicologo.trieste.it\/sl\/author\/idt-adm-b382ee","name":"idt-adm-b382ee","image":{"@type":"ImageObject","@id":"https:\/\/psicologo.trieste.it\/sl\/dott-ingrid-bersenda\/convenzioni#authorImage","url":"https:\/\/secure.gravatar.com\/avatar\/ffb2ce3998f5d3426dd6ebd3b61243623cbfbc28474e722b4aeeae30f549599d?s=96&d=mm&r=g","width":96,"height":96,"caption":"idt-adm-b382ee"}},{"@type":"WebPage","@id":"https:\/\/psicologo.trieste.it\/sl\/dott-ingrid-bersenda\/convenzioni#webpage","url":"https:\/\/psicologo.trieste.it\/sl\/dott-ingrid-bersenda\/convenzioni","name":"Convenzioni | Psicologo Trieste","description":"CONVENZIONE CON LA GUARDIA DI FINANZA Il 18 maggio 2009 \u00e8 stato firmato a Roma dal Comandante Generale della Guardia di Finanza, Gen. C.A. Cosimo D.Arrigo e dal Presidente del Consiglio Nazionale dell'Ordine degli Psicologi (CNOP), Giuseppe Luigi Palma, un Protocollo d'Intesa per accrescere la cultura del benessere e lo sviluppo della qualit\u00e0 della vita","inLanguage":"sl-SI","isPartOf":{"@id":"https:\/\/psicologo.trieste.it\/sl\/#website"},"breadcrumb":{"@id":"https:\/\/psicologo.trieste.it\/sl\/dott-ingrid-bersenda\/convenzioni#breadcrumblist"},"author":{"@id":"https:\/\/psicologo.trieste.it\/sl\/author\/idt-adm-b382ee#author"},"creator":{"@id":"https:\/\/psicologo.trieste.it\/sl\/author\/idt-adm-b382ee#author"},"datePublished":"2010-06-22T09:04:53+02:00","dateModified":"2016-07-11T16:34:57+02:00"},{"@type":"WebSite","@id":"https:\/\/psicologo.trieste.it\/sl\/#website","url":"https:\/\/psicologo.trieste.it\/sl\/","name":"Psicologo Trieste","inLanguage":"sl-SI","publisher":{"@id":"https:\/\/psicologo.trieste.it\/sl\/#organization"}}]},"og:locale":"sl_SI","og:site_name":"Psicologo Trieste |","og:type":"article","og:title":"Convenzioni | Psicologo Trieste","og:description":"CONVENZIONE CON LA GUARDIA DI FINANZA Il 18 maggio 2009 \u00e8 stato firmato a Roma dal Comandante Generale della Guardia di Finanza, Gen. C.A. Cosimo D.Arrigo e dal Presidente del Consiglio Nazionale dell'Ordine degli Psicologi (CNOP), Giuseppe Luigi Palma, un Protocollo d'Intesa per accrescere la cultura del benessere e lo sviluppo della qualit\u00e0 della vita","og:url":"https:\/\/psicologo.trieste.it\/sl\/dott-ingrid-bersenda\/convenzioni","article:published_time":"2010-06-22T07:04:53+00:00","article:modified_time":"2016-07-11T14:34:57+00:00","twitter:card":"summary","twitter:title":"Convenzioni | Psicologo Trieste","twitter:description":"CONVENZIONE CON LA GUARDIA DI FINANZA Il 18 maggio 2009 \u00e8 stato firmato a Roma dal Comandante Generale della Guardia di Finanza, Gen. C.A. Cosimo D.Arrigo e dal Presidente del Consiglio Nazionale dell'Ordine degli Psicologi (CNOP), Giuseppe Luigi Palma, un Protocollo d'Intesa per accrescere la cultura del benessere e lo sviluppo della qualit\u00e0 della vita"},"aioseo_meta_data":{"post_id":"73","title":null,"description":null,"keywords":null,"keyphrases":null,"primary_term":null,"canonical_url":null,"og_title":null,"og_description":null,"og_object_type":"default","og_image_type":"default","og_image_url":null,"og_image_width":null,"og_image_height":null,"og_image_custom_url":null,"og_image_custom_fields":null,"og_video":null,"og_custom_url":null,"og_article_section":null,"og_article_tags":null,"twitter_use_og":false,"twitter_card":"default","twitter_image_type":"default","twitter_image_url":null,"twitter_image_custom_url":null,"twitter_image_custom_fields":null,"twitter_title":null,"twitter_description":null,"schema":{"blockGraphs":[],"customGraphs":[],"default":{"data":{"Article":[],"Course":[],"Dataset":[],"FAQPage":[],"Movie":[],"Person":[],"Product":[],"ProductReview":[],"Car":[],"Recipe":[],"Service":[],"SoftwareApplication":[],"WebPage":[]},"graphName":"Article","isEnabled":true},"graphs":[]},"schema_type":null,"schema_type_options":null,"pillar_content":false,"robots_default":true,"robots_noindex":false,"robots_noarchive":false,"robots_nosnippet":false,"robots_nofollow":false,"robots_noimageindex":false,"robots_noodp":false,"robots_notranslate":false,"robots_max_snippet":null,"robots_max_videopreview":null,"robots_max_imagepreview":"large","priority":null,"frequency":null,"local_seo":null,"breadcrumb_settings":null,"limit_modified_date":false,"ai":null,"created":"2021-08-18 12:00:33","updated":"2025-10-18 12:05:48","focus_keyword":null,"additional_keywords":null,"truseo_locale":null,"seo_analyzer_scan_date":null},"aioseo_breadcrumb":"<div class=\"aioseo-breadcrumbs\"><span class=\"aioseo-breadcrumb\">\n\t\t\t<a href=\"https:\/\/psicologo.trieste.it\/sl\" title=\"Home\">Home<\/a>\n\t\t<\/span><span class=\"aioseo-breadcrumb-separator\">&raquo;<\/span><span class=\"aioseo-breadcrumb\">\n\t\t\t<a href=\"https:\/\/psicologo.trieste.it\/sl\/category\/dott-ingrid-bersenda\" title=\"Dott. Ingrid Bersenda\">Dott. Ingrid Bersenda<\/a>\n\t\t<\/span><span class=\"aioseo-breadcrumb-separator\">&raquo;<\/span><span class=\"aioseo-breadcrumb\">\n\t\t\tConvenzioni\n\t\t<\/span><\/div>","aioseo_breadcrumb_json":[{"label":"Home","link":"https:\/\/psicologo.trieste.it\/sl"},{"label":"Dott. Ingrid Bersenda","link":"https:\/\/psicologo.trieste.it\/sl\/category\/dott-ingrid-bersenda"},{"label":"Convenzioni","link":"https:\/\/psicologo.trieste.it\/sl\/dott-ingrid-bersenda\/convenzioni"}],"_links":{"self":[{"href":"https:\/\/psicologo.trieste.it\/sl\/wp-json\/wp\/v2\/posts\/73","targetHints":{"allow":["GET"]}}],"collection":[{"href":"https:\/\/psicologo.trieste.it\/sl\/wp-json\/wp\/v2\/posts"}],"about":[{"href":"https:\/\/psicologo.trieste.it\/sl\/wp-json\/wp\/v2\/types\/post"}],"author":[{"embeddable":true,"href":"https:\/\/psicologo.trieste.it\/sl\/wp-json\/wp\/v2\/users\/1"}],"replies":[{"embeddable":true,"href":"https:\/\/psicologo.trieste.it\/sl\/wp-json\/wp\/v2\/comments?post=73"}],"version-history":[{"count":3,"href":"https:\/\/psicologo.trieste.it\/sl\/wp-json\/wp\/v2\/posts\/73\/revisions"}],"predecessor-version":[{"id":748,"href":"https:\/\/psicologo.trieste.it\/sl\/wp-json\/wp\/v2\/posts\/73\/revisions\/748"}],"wp:attachment":[{"href":"https:\/\/psicologo.trieste.it\/sl\/wp-json\/wp\/v2\/media?parent=73"}],"wp:term":[{"taxonomy":"category","embeddable":true,"href":"https:\/\/psicologo.trieste.it\/sl\/wp-json\/wp\/v2\/categories?post=73"},{"taxonomy":"post_tag","embeddable":true,"href":"https:\/\/psicologo.trieste.it\/sl\/wp-json\/wp\/v2\/tags?post=73"}],"curies":[{"name":"wp","href":"https:\/\/api.w.org\/{rel}","templated":true}]}}