{"id":77,"date":"2010-06-30T07:52:03","date_gmt":"2010-06-30T05:52:03","guid":{"rendered":"http:\/\/psicologo.trieste.it\/?p=77"},"modified":"2015-04-17T17:24:01","modified_gmt":"2015-04-17T15:24:01","slug":"premio-ondina-barduzzi","status":"publish","type":"post","link":"https:\/\/psicologo.trieste.it\/sl\/dott-ingrid-bersenda\/premio-ondina-barduzzi","title":{"rendered":"Premio Ondina Barduzzi"},"content":{"rendered":"<div style=\"width: 271px\" class=\"wp-caption alignright\"><img loading=\"lazy\" decoding=\"async\" src=\"http:\/\/psicologo.trieste.it\/wp-content\/uploads\/2010\/06\/premio2.jpg\" alt=\"\" width=\"261\" height=\"394\" \/><p class=\"wp-caption-text\">Foto Extra<\/p><\/div>\n<p><a href=\"http:\/\/www.33ff.com\/flags\/bandieremondo\/bandiera_Italia.html\"><img loading=\"lazy\" decoding=\"async\" src=\"http:\/\/psicologo.trieste.it\/wp-content\/uploads\/2010\/06\/www.33ff.com_flags_S_flags_flags_of_Italy.gif\" alt=\"Bandiera Italia .gif - Small\" width=\"32\" height=\"21\" border=\"0\" \/><\/a> <b><i> <\/i><\/b><a href=\"http:\/\/www.provincia.trieste.it\/\"><b>Dal sito internet della PROVINCIA di TRIESTE: PREMIATE LE VINCITRICI del PREMIO ONDINA BARDUZZI&#8221;<\/b><\/a><\/p>\n<div style=\"text-align: justify; line-height: 150%;\"><span style=\"line-height: 150%; font-size: 10pt;\">Predsednica pokrajine Trst Maria Teresa Bassa Poropat nagradila zmagovalce in konkurentom prvi izdaji nagrade <i>Ondina Barduzzi.<\/i><\/span><\/div>\n<div style=\"text-align: justify; line-height: 150%;\"><span style=\"line-height: 150%; font-size: 10pt;\">\u201cHo accolto con entusiasmo l\u2019idea, nata dalla Commissione per le Pari Opportunit\u00e0, di intitolare un premio a Ondina Barduzzi che sostenga e valorizzi le capacit\u00e0 femminili in ambito scientifico e tecnico\u201d ha spiegato la Presidente della Provincia. \u201cI dati dimostrano che se da un lato aumenta la scolarizzazione e la specializzazione professionale delle donne, assai pi\u00f9 diligenti degli uomini negli studi, fin dalle scuole primarie, dall&#8217;altro evidenziano che \u00e8 il genere femminile a registrare maggiori difficolt\u00e0 nella ricerca di un impiego e nell&#8217;ottenere una retribuzione adeguata\u201d. <\/span><\/div>\n<div style=\"text-align: justify; line-height: 150%;\"><span style=\"line-height: 150%; font-size: 10pt;\">Predsednik<\/span><span style=\"line-height: 150%; font-size: 10pt;\"> ha poi voluto ricordare la figura di Ondina Barduzzi: \u00abNon potevamo intitolare che a lei questo premio, a una donna, purtroppo prematuramente scomparsa, che ha saputo realizzarsi nel suo lavoro di ingegnere \u2013 una professione reputata di prevalente competenza maschile \u2013 senza sacrificare nulla della sua femminilit\u00e0. Pi\u00f9 capace di molti colleghi uomini, ha saputo emergere, ponendo le sue competenze a servizio della citt\u00e0 e poi anche della Provincia di Trieste, coniugando il suo impegno professionale, civile e politico, ad una spiccata femminilit\u00e0. Spero che le vincitrici del concorso prendano Ondina a modello\u00bb.<\/span><\/div>\n<p><span style=\"font-size: 10pt;\">Alle tre vincitrici sono stati erogati premi per il valore, rispettivamente, di 1000, 750 e 500 euro.<\/span><\/p>\n<p><span style=\"font-size: 10pt;\">\u00a0<\/span><\/p>","protected":false},"excerpt":{"rendered":"<p>Dal sito internet della PROVINCIA di TRIESTE: PREMIATE LE VINCITRICI del PREMIO ONDINA BARDUZZI&#8221; La Presidente della Provincia di Trieste Maria Teresa Bassa Poropat ha premiato le vincitrici e le concorrenti della prima edizione del Premio Ondina Barduzzi. \u201cHo accolto con entusiasmo l\u2019idea, nata dalla Commissione per le Pari Opportunit\u00e0, di intitolare un premio a [&hellip;]<\/p>\n","protected":false},"author":1,"featured_media":75,"comment_status":"closed","ping_status":"open","sticky":false,"template":"","format":"standard","meta":{"footnotes":""},"categories":[9],"tags":[38,128,129,127,35,126,32,36],"class_list":["post-77","post","type-post","status-publish","format-standard","has-post-thumbnail","category-dott-ingrid-bersenda","tag-bersenda","tag-maria-teresa-bassa-poropat","tag-premio-ondina-barduzzi","tag-provincia-di-trieste","tag-psicologa","tag-psicologi","tag-psicologo","tag-trieste","czr-hentry"],"aioseo_notices":[],"aioseo_head":"\n\t\t<!-- All in One SEO 5.0.0.1 - aioseo.com -->\n\t<meta name=\"description\" content=\"Dal sito internet della PROVINCIA di TRIESTE: PREMIATE LE VINCITRICI del PREMIO ONDINA BARDUZZI&quot; La Presidente della Provincia di Trieste Maria Teresa Bassa Poropat ha premiato le vincitrici e le concorrenti della prima edizione del Premio Ondina Barduzzi. \u201cHo accolto con entusiasmo l\u2019idea, nata dalla Commissione per le Pari Opportunit\u00e0, di intitolare un premio a\" \/>\n\t<meta name=\"robots\" content=\"max-image-preview:large\" \/>\n\t<meta name=\"author\" content=\"idt-adm-b382ee\"\/>\n\t<link rel=\"canonical\" href=\"https:\/\/psicologo.trieste.it\/sl\/dott-ingrid-bersenda\/premio-ondina-barduzzi\" \/>\n\t<meta name=\"generator\" content=\"All in One SEO (AIOSEO) 5.0.0.1\" \/>\n\t\t<meta property=\"og:locale\" content=\"sl_SI\" \/>\n\t\t<meta property=\"og:site_name\" content=\"Psicologo Trieste |\" \/>\n\t\t<meta property=\"og:type\" content=\"article\" \/>\n\t\t<meta property=\"og:title\" content=\"Premio Ondina Barduzzi | Psicologo Trieste\" \/>\n\t\t<meta property=\"og:description\" content=\"Dal sito internet della PROVINCIA di TRIESTE: PREMIATE LE VINCITRICI del PREMIO ONDINA BARDUZZI&quot; La Presidente della Provincia di Trieste Maria Teresa Bassa Poropat ha premiato le vincitrici e le concorrenti della prima edizione del Premio Ondina Barduzzi. \u201cHo accolto con entusiasmo l\u2019idea, nata dalla Commissione per le Pari Opportunit\u00e0, di intitolare un premio a\" \/>\n\t\t<meta property=\"og:url\" content=\"https:\/\/psicologo.trieste.it\/sl\/dott-ingrid-bersenda\/premio-ondina-barduzzi\" \/>\n\t\t<meta property=\"article:published_time\" content=\"2010-06-30T05:52:03+00:00\" \/>\n\t\t<meta property=\"article:modified_time\" content=\"2015-04-17T15:24:01+00:00\" \/>\n\t\t<meta name=\"twitter:card\" content=\"summary\" \/>\n\t\t<meta name=\"twitter:title\" content=\"Premio Ondina Barduzzi | Psicologo Trieste\" \/>\n\t\t<meta name=\"twitter:description\" content=\"Dal sito internet della PROVINCIA di TRIESTE: PREMIATE LE VINCITRICI del PREMIO ONDINA BARDUZZI&quot; La Presidente della Provincia di Trieste Maria Teresa Bassa Poropat ha premiato le vincitrici e le concorrenti della prima edizione del Premio Ondina Barduzzi. \u201cHo accolto con entusiasmo l\u2019idea, nata dalla Commissione per le Pari Opportunit\u00e0, di intitolare un premio a\" \/>\n\t\t<script type=\"application\/ld+json\" class=\"aioseo-schema\">\n\t\t\t{\"@context\":\"https:\\\/\\\/schema.org\",\"@graph\":[{\"@type\":\"Article\",\"@id\":\"https:\\\/\\\/psicologo.trieste.it\\\/sl\\\/dott-ingrid-bersenda\\\/premio-ondina-barduzzi#article\",\"name\":\"Premio Ondina Barduzzi | Psicologo Trieste\",\"headline\":\"Premio Ondina Barduzzi\",\"author\":{\"@id\":\"https:\\\/\\\/psicologo.trieste.it\\\/sl\\\/author\\\/idt-adm-b382ee#author\"},\"publisher\":{\"@id\":\"https:\\\/\\\/psicologo.trieste.it\\\/sl\\\/#organization\"},\"image\":{\"@type\":\"ImageObject\",\"url\":\"https:\\\/\\\/psicologo.trieste.it\\\/wp-content\\\/uploads\\\/2010\\\/06\\\/premio2.jpg\",\"width\":478,\"height\":720},\"datePublished\":\"2010-06-30T07:52:03+02:00\",\"dateModified\":\"2015-04-17T17:24:01+02:00\",\"inLanguage\":\"sl-SI\",\"mainEntityOfPage\":{\"@id\":\"https:\\\/\\\/psicologo.trieste.it\\\/sl\\\/dott-ingrid-bersenda\\\/premio-ondina-barduzzi#webpage\"},\"isPartOf\":{\"@id\":\"https:\\\/\\\/psicologo.trieste.it\\\/sl\\\/dott-ingrid-bersenda\\\/premio-ondina-barduzzi#webpage\"},\"articleSection\":\"Dott. Ingrid Bersenda, bersenda, maria teresa bassa poropat, premio ondina barduzzi, provincia di trieste, psicologa, psicologi, psicologo, trieste\"},{\"@type\":\"BreadcrumbList\",\"@id\":\"https:\\\/\\\/psicologo.trieste.it\\\/sl\\\/dott-ingrid-bersenda\\\/premio-ondina-barduzzi#breadcrumblist\",\"itemListElement\":[{\"@type\":\"ListItem\",\"@id\":\"https:\\\/\\\/psicologo.trieste.it\\\/sl#listItem\",\"position\":1,\"name\":\"Home\",\"item\":\"https:\\\/\\\/psicologo.trieste.it\\\/sl\",\"nextItem\":{\"@type\":\"ListItem\",\"@id\":\"https:\\\/\\\/psicologo.trieste.it\\\/sl\\\/category\\\/dott-ingrid-bersenda#listItem\",\"name\":\"Dott. Ingrid Bersenda\"}},{\"@type\":\"ListItem\",\"@id\":\"https:\\\/\\\/psicologo.trieste.it\\\/sl\\\/category\\\/dott-ingrid-bersenda#listItem\",\"position\":2,\"name\":\"Dott. Ingrid Bersenda\",\"item\":\"https:\\\/\\\/psicologo.trieste.it\\\/sl\\\/category\\\/dott-ingrid-bersenda\",\"nextItem\":{\"@type\":\"ListItem\",\"@id\":\"https:\\\/\\\/psicologo.trieste.it\\\/sl\\\/dott-ingrid-bersenda\\\/premio-ondina-barduzzi#listItem\",\"name\":\"Premio Ondina Barduzzi\"},\"previousItem\":{\"@type\":\"ListItem\",\"@id\":\"https:\\\/\\\/psicologo.trieste.it\\\/sl#listItem\",\"name\":\"Home\"}},{\"@type\":\"ListItem\",\"@id\":\"https:\\\/\\\/psicologo.trieste.it\\\/sl\\\/dott-ingrid-bersenda\\\/premio-ondina-barduzzi#listItem\",\"position\":3,\"name\":\"Premio Ondina Barduzzi\",\"previousItem\":{\"@type\":\"ListItem\",\"@id\":\"https:\\\/\\\/psicologo.trieste.it\\\/sl\\\/category\\\/dott-ingrid-bersenda#listItem\",\"name\":\"Dott. Ingrid Bersenda\"}}]},{\"@type\":\"Organization\",\"@id\":\"https:\\\/\\\/psicologo.trieste.it\\\/sl\\\/#organization\",\"name\":\"Psicologo Trieste\",\"url\":\"https:\\\/\\\/psicologo.trieste.it\\\/sl\\\/\"},{\"@type\":\"Person\",\"@id\":\"https:\\\/\\\/psicologo.trieste.it\\\/sl\\\/author\\\/idt-adm-b382ee#author\",\"url\":\"https:\\\/\\\/psicologo.trieste.it\\\/sl\\\/author\\\/idt-adm-b382ee\",\"name\":\"idt-adm-b382ee\",\"image\":{\"@type\":\"ImageObject\",\"@id\":\"https:\\\/\\\/psicologo.trieste.it\\\/sl\\\/dott-ingrid-bersenda\\\/premio-ondina-barduzzi#authorImage\",\"url\":\"https:\\\/\\\/secure.gravatar.com\\\/avatar\\\/ffb2ce3998f5d3426dd6ebd3b61243623cbfbc28474e722b4aeeae30f549599d?s=96&d=mm&r=g\",\"width\":96,\"height\":96,\"caption\":\"idt-adm-b382ee\"}},{\"@type\":\"WebPage\",\"@id\":\"https:\\\/\\\/psicologo.trieste.it\\\/sl\\\/dott-ingrid-bersenda\\\/premio-ondina-barduzzi#webpage\",\"url\":\"https:\\\/\\\/psicologo.trieste.it\\\/sl\\\/dott-ingrid-bersenda\\\/premio-ondina-barduzzi\",\"name\":\"Premio Ondina Barduzzi | Psicologo Trieste\",\"description\":\"Dal sito internet della PROVINCIA di TRIESTE: PREMIATE LE VINCITRICI del PREMIO ONDINA BARDUZZI\\\" La Presidente della Provincia di Trieste Maria Teresa Bassa Poropat ha premiato le vincitrici e le concorrenti della prima edizione del Premio Ondina Barduzzi. \\u201cHo accolto con entusiasmo l\\u2019idea, nata dalla Commissione per le Pari Opportunit\\u00e0, di intitolare un premio a\",\"inLanguage\":\"sl-SI\",\"isPartOf\":{\"@id\":\"https:\\\/\\\/psicologo.trieste.it\\\/sl\\\/#website\"},\"breadcrumb\":{\"@id\":\"https:\\\/\\\/psicologo.trieste.it\\\/sl\\\/dott-ingrid-bersenda\\\/premio-ondina-barduzzi#breadcrumblist\"},\"author\":{\"@id\":\"https:\\\/\\\/psicologo.trieste.it\\\/sl\\\/author\\\/idt-adm-b382ee#author\"},\"creator\":{\"@id\":\"https:\\\/\\\/psicologo.trieste.it\\\/sl\\\/author\\\/idt-adm-b382ee#author\"},\"image\":{\"@type\":\"ImageObject\",\"url\":\"https:\\\/\\\/psicologo.trieste.it\\\/wp-content\\\/uploads\\\/2010\\\/06\\\/premio2.jpg\",\"@id\":\"https:\\\/\\\/psicologo.trieste.it\\\/sl\\\/dott-ingrid-bersenda\\\/premio-ondina-barduzzi\\\/#mainImage\",\"width\":478,\"height\":720},\"primaryImageOfPage\":{\"@id\":\"https:\\\/\\\/psicologo.trieste.it\\\/sl\\\/dott-ingrid-bersenda\\\/premio-ondina-barduzzi#mainImage\"},\"datePublished\":\"2010-06-30T07:52:03+02:00\",\"dateModified\":\"2015-04-17T17:24:01+02:00\"},{\"@type\":\"WebSite\",\"@id\":\"https:\\\/\\\/psicologo.trieste.it\\\/sl\\\/#website\",\"url\":\"https:\\\/\\\/psicologo.trieste.it\\\/sl\\\/\",\"name\":\"Psicologo Trieste\",\"inLanguage\":\"sl-SI\",\"publisher\":{\"@id\":\"https:\\\/\\\/psicologo.trieste.it\\\/sl\\\/#organization\"}}]}\n\t\t<\/script>\n\t\t<!-- All in One SEO -->\n\n","aioseo_head_json":{"title":"Premio Ondina Barduzzi | Psicologo Trieste","description":"Dal sito internet della PROVINCIA di TRIESTE: PREMIATE LE VINCITRICI del PREMIO ONDINA BARDUZZI\" La Presidente della Provincia di Trieste Maria Teresa Bassa Poropat ha premiato le vincitrici e le concorrenti della prima edizione del Premio Ondina Barduzzi. \u201cHo accolto con entusiasmo l\u2019idea, nata dalla Commissione per le Pari Opportunit\u00e0, di intitolare un premio a","canonical_url":"https:\/\/psicologo.trieste.it\/sl\/dott-ingrid-bersenda\/premio-ondina-barduzzi","robots":"max-image-preview:large","keywords":"","webmasterTools":{"miscellaneous":""},"schema":{"@context":"https:\/\/schema.org","@graph":[{"@type":"Article","@id":"https:\/\/psicologo.trieste.it\/sl\/dott-ingrid-bersenda\/premio-ondina-barduzzi#article","name":"Premio Ondina Barduzzi | Psicologo Trieste","headline":"Premio Ondina Barduzzi","author":{"@id":"https:\/\/psicologo.trieste.it\/sl\/author\/idt-adm-b382ee#author"},"publisher":{"@id":"https:\/\/psicologo.trieste.it\/sl\/#organization"},"image":{"@type":"ImageObject","url":"https:\/\/psicologo.trieste.it\/wp-content\/uploads\/2010\/06\/premio2.jpg","width":478,"height":720},"datePublished":"2010-06-30T07:52:03+02:00","dateModified":"2015-04-17T17:24:01+02:00","inLanguage":"sl-SI","mainEntityOfPage":{"@id":"https:\/\/psicologo.trieste.it\/sl\/dott-ingrid-bersenda\/premio-ondina-barduzzi#webpage"},"isPartOf":{"@id":"https:\/\/psicologo.trieste.it\/sl\/dott-ingrid-bersenda\/premio-ondina-barduzzi#webpage"},"articleSection":"Dott. Ingrid Bersenda, bersenda, maria teresa bassa poropat, premio ondina barduzzi, provincia di trieste, psicologa, psicologi, psicologo, trieste"},{"@type":"BreadcrumbList","@id":"https:\/\/psicologo.trieste.it\/sl\/dott-ingrid-bersenda\/premio-ondina-barduzzi#breadcrumblist","itemListElement":[{"@type":"ListItem","@id":"https:\/\/psicologo.trieste.it\/sl#listItem","position":1,"name":"Home","item":"https:\/\/psicologo.trieste.it\/sl","nextItem":{"@type":"ListItem","@id":"https:\/\/psicologo.trieste.it\/sl\/category\/dott-ingrid-bersenda#listItem","name":"Dott. Ingrid Bersenda"}},{"@type":"ListItem","@id":"https:\/\/psicologo.trieste.it\/sl\/category\/dott-ingrid-bersenda#listItem","position":2,"name":"Dott. Ingrid Bersenda","item":"https:\/\/psicologo.trieste.it\/sl\/category\/dott-ingrid-bersenda","nextItem":{"@type":"ListItem","@id":"https:\/\/psicologo.trieste.it\/sl\/dott-ingrid-bersenda\/premio-ondina-barduzzi#listItem","name":"Premio Ondina Barduzzi"},"previousItem":{"@type":"ListItem","@id":"https:\/\/psicologo.trieste.it\/sl#listItem","name":"Home"}},{"@type":"ListItem","@id":"https:\/\/psicologo.trieste.it\/sl\/dott-ingrid-bersenda\/premio-ondina-barduzzi#listItem","position":3,"name":"Premio Ondina Barduzzi","previousItem":{"@type":"ListItem","@id":"https:\/\/psicologo.trieste.it\/sl\/category\/dott-ingrid-bersenda#listItem","name":"Dott. Ingrid Bersenda"}}]},{"@type":"Organization","@id":"https:\/\/psicologo.trieste.it\/sl\/#organization","name":"Psicologo Trieste","url":"https:\/\/psicologo.trieste.it\/sl\/"},{"@type":"Person","@id":"https:\/\/psicologo.trieste.it\/sl\/author\/idt-adm-b382ee#author","url":"https:\/\/psicologo.trieste.it\/sl\/author\/idt-adm-b382ee","name":"idt-adm-b382ee","image":{"@type":"ImageObject","@id":"https:\/\/psicologo.trieste.it\/sl\/dott-ingrid-bersenda\/premio-ondina-barduzzi#authorImage","url":"https:\/\/secure.gravatar.com\/avatar\/ffb2ce3998f5d3426dd6ebd3b61243623cbfbc28474e722b4aeeae30f549599d?s=96&d=mm&r=g","width":96,"height":96,"caption":"idt-adm-b382ee"}},{"@type":"WebPage","@id":"https:\/\/psicologo.trieste.it\/sl\/dott-ingrid-bersenda\/premio-ondina-barduzzi#webpage","url":"https:\/\/psicologo.trieste.it\/sl\/dott-ingrid-bersenda\/premio-ondina-barduzzi","name":"Premio Ondina Barduzzi | Psicologo Trieste","description":"Dal sito internet della PROVINCIA di TRIESTE: PREMIATE LE VINCITRICI del PREMIO ONDINA BARDUZZI\" La Presidente della Provincia di Trieste Maria Teresa Bassa Poropat ha premiato le vincitrici e le concorrenti della prima edizione del Premio Ondina Barduzzi. \u201cHo accolto con entusiasmo l\u2019idea, nata dalla Commissione per le Pari Opportunit\u00e0, di intitolare un premio a","inLanguage":"sl-SI","isPartOf":{"@id":"https:\/\/psicologo.trieste.it\/sl\/#website"},"breadcrumb":{"@id":"https:\/\/psicologo.trieste.it\/sl\/dott-ingrid-bersenda\/premio-ondina-barduzzi#breadcrumblist"},"author":{"@id":"https:\/\/psicologo.trieste.it\/sl\/author\/idt-adm-b382ee#author"},"creator":{"@id":"https:\/\/psicologo.trieste.it\/sl\/author\/idt-adm-b382ee#author"},"image":{"@type":"ImageObject","url":"https:\/\/psicologo.trieste.it\/wp-content\/uploads\/2010\/06\/premio2.jpg","@id":"https:\/\/psicologo.trieste.it\/sl\/dott-ingrid-bersenda\/premio-ondina-barduzzi\/#mainImage","width":478,"height":720},"primaryImageOfPage":{"@id":"https:\/\/psicologo.trieste.it\/sl\/dott-ingrid-bersenda\/premio-ondina-barduzzi#mainImage"},"datePublished":"2010-06-30T07:52:03+02:00","dateModified":"2015-04-17T17:24:01+02:00"},{"@type":"WebSite","@id":"https:\/\/psicologo.trieste.it\/sl\/#website","url":"https:\/\/psicologo.trieste.it\/sl\/","name":"Psicologo Trieste","inLanguage":"sl-SI","publisher":{"@id":"https:\/\/psicologo.trieste.it\/sl\/#organization"}}]},"og:locale":"sl_SI","og:site_name":"Psicologo Trieste |","og:type":"article","og:title":"Premio Ondina Barduzzi | Psicologo Trieste","og:description":"Dal sito internet della PROVINCIA di TRIESTE: PREMIATE LE VINCITRICI del PREMIO ONDINA BARDUZZI&quot; La Presidente della Provincia di Trieste Maria Teresa Bassa Poropat ha premiato le vincitrici e le concorrenti della prima edizione del Premio Ondina Barduzzi. \u201cHo accolto con entusiasmo l\u2019idea, nata dalla Commissione per le Pari Opportunit\u00e0, di intitolare un premio a","og:url":"https:\/\/psicologo.trieste.it\/sl\/dott-ingrid-bersenda\/premio-ondina-barduzzi","article:published_time":"2010-06-30T05:52:03+00:00","article:modified_time":"2015-04-17T15:24:01+00:00","twitter:card":"summary","twitter:title":"Premio Ondina Barduzzi | Psicologo Trieste","twitter:description":"Dal sito internet della PROVINCIA di TRIESTE: PREMIATE LE VINCITRICI del PREMIO ONDINA BARDUZZI&quot; La Presidente della Provincia di Trieste Maria Teresa Bassa Poropat ha premiato le vincitrici e le concorrenti della prima edizione del Premio Ondina Barduzzi. \u201cHo accolto con entusiasmo l\u2019idea, nata dalla Commissione per le Pari Opportunit\u00e0, di intitolare un premio a"},"aioseo_meta_data":{"post_id":"77","title":null,"description":null,"keywords":null,"keyphrases":null,"primary_term":null,"canonical_url":null,"og_title":null,"og_description":null,"og_object_type":"default","og_image_type":"default","og_image_url":null,"og_image_width":null,"og_image_height":null,"og_image_custom_url":null,"og_image_custom_fields":null,"og_video":null,"og_custom_url":null,"og_article_section":null,"og_article_tags":null,"twitter_use_og":false,"twitter_card":"default","twitter_image_type":"default","twitter_image_url":null,"twitter_image_custom_url":null,"twitter_image_custom_fields":null,"twitter_title":null,"twitter_description":null,"schema":{"blockGraphs":[],"customGraphs":[],"default":{"data":{"Article":[],"Course":[],"Dataset":[],"FAQPage":[],"Movie":[],"Person":[],"Product":[],"ProductReview":[],"Car":[],"Recipe":[],"Service":[],"SoftwareApplication":[],"WebPage":[]},"graphName":"Article","isEnabled":true},"graphs":[]},"schema_type":null,"schema_type_options":null,"pillar_content":false,"robots_default":true,"robots_noindex":false,"robots_noarchive":false,"robots_nosnippet":false,"robots_nofollow":false,"robots_noimageindex":false,"robots_noodp":false,"robots_notranslate":false,"robots_max_snippet":null,"robots_max_videopreview":null,"robots_max_imagepreview":"large","priority":null,"frequency":null,"local_seo":null,"breadcrumb_settings":null,"limit_modified_date":false,"ai":null,"created":"2021-08-18 12:00:33","updated":"2025-10-18 12:05:49","focus_keyword":null,"additional_keywords":null,"truseo_locale":null,"seo_analyzer_scan_date":null},"aioseo_breadcrumb":"<div class=\"aioseo-breadcrumbs\"><span class=\"aioseo-breadcrumb\">\n\t\t\t<a href=\"https:\/\/psicologo.trieste.it\/sl\" title=\"Home\">Home<\/a>\n\t\t<\/span><span class=\"aioseo-breadcrumb-separator\">&raquo;<\/span><span class=\"aioseo-breadcrumb\">\n\t\t\t<a href=\"https:\/\/psicologo.trieste.it\/sl\/category\/dott-ingrid-bersenda\" title=\"Dott. Ingrid Bersenda\">Dott. Ingrid Bersenda<\/a>\n\t\t<\/span><span class=\"aioseo-breadcrumb-separator\">&raquo;<\/span><span class=\"aioseo-breadcrumb\">\n\t\t\tPremio Ondina Barduzzi\n\t\t<\/span><\/div>","aioseo_breadcrumb_json":[{"label":"Home","link":"https:\/\/psicologo.trieste.it\/sl"},{"label":"Dott. Ingrid Bersenda","link":"https:\/\/psicologo.trieste.it\/sl\/category\/dott-ingrid-bersenda"},{"label":"Premio Ondina Barduzzi","link":"https:\/\/psicologo.trieste.it\/sl\/dott-ingrid-bersenda\/premio-ondina-barduzzi"}],"_links":{"self":[{"href":"https:\/\/psicologo.trieste.it\/sl\/wp-json\/wp\/v2\/posts\/77","targetHints":{"allow":["GET"]}}],"collection":[{"href":"https:\/\/psicologo.trieste.it\/sl\/wp-json\/wp\/v2\/posts"}],"about":[{"href":"https:\/\/psicologo.trieste.it\/sl\/wp-json\/wp\/v2\/types\/post"}],"author":[{"embeddable":true,"href":"https:\/\/psicologo.trieste.it\/sl\/wp-json\/wp\/v2\/users\/1"}],"replies":[{"embeddable":true,"href":"https:\/\/psicologo.trieste.it\/sl\/wp-json\/wp\/v2\/comments?post=77"}],"version-history":[{"count":3,"href":"https:\/\/psicologo.trieste.it\/sl\/wp-json\/wp\/v2\/posts\/77\/revisions"}],"predecessor-version":[{"id":499,"href":"https:\/\/psicologo.trieste.it\/sl\/wp-json\/wp\/v2\/posts\/77\/revisions\/499"}],"wp:featuredmedia":[{"embeddable":true,"href":"https:\/\/psicologo.trieste.it\/sl\/wp-json\/wp\/v2\/media\/75"}],"wp:attachment":[{"href":"https:\/\/psicologo.trieste.it\/sl\/wp-json\/wp\/v2\/media?parent=77"}],"wp:term":[{"taxonomy":"category","embeddable":true,"href":"https:\/\/psicologo.trieste.it\/sl\/wp-json\/wp\/v2\/categories?post=77"},{"taxonomy":"post_tag","embeddable":true,"href":"https:\/\/psicologo.trieste.it\/sl\/wp-json\/wp\/v2\/tags?post=77"}],"curies":[{"name":"wp","href":"https:\/\/api.w.org\/{rel}","templated":true}]}}