{"id":87,"date":"2010-07-18T11:25:28","date_gmt":"2010-07-18T09:25:28","guid":{"rendered":"http:\/\/psicologo.trieste.it\/?p=87"},"modified":"2020-04-02T17:57:38","modified_gmt":"2020-04-02T15:57:38","slug":"dott-ingrid-bersenda","status":"publish","type":"post","link":"https:\/\/psicologo.trieste.it\/sl\/dott-ingrid-bersenda\/dott-ingrid-bersenda","title":{"rendered":"Dr. Ingrid Bersenda"},"content":{"rendered":"<p><img loading=\"lazy\" decoding=\"async\" class=\"alignright\" style=\"float: right;\" src=\"http:\/\/psicologo.trieste.it\/wp-content\/uploads\/2010\/07\/nagrada ondi_8.jpg\" alt=\"\" width=\"157\" height=\"239\" align=\"right\" border=\"0\" \/><\/p>\n<p style=\"text-align: justify;\"><strong>Kdo je Ingrid Bersenda?<\/strong><\/p>\n<p style=\"text-align: justify;\">Ingrid Bersenda je psihologinja\u00a0<a href=\"http:\/\/psicologo.trieste.it\/sl\/?p=101\">in<\/a> e psicoterapeuta, iscritta nell\u2019albo dell\u2019<a href=\"http:\/\/www.psicologi.fvg.it\/\" target=\"_blank\" rel=\"noopener noreferrer\">Poklicno zbornico psihologov in psihoterapevtov Furlanije-Julijske krajine<\/a> \u2013 n\u00b0 1255.<\/p>\n<hr \/>\n<p style=\"text-align: justify;\"><strong>S \u010dim se ukvarja?<\/strong><\/p>\n<p>Psihologinja <a href=\"it\/dott-ingrid-bersenda\">Bersenda<\/a> se v glavnem <a href=\"http:\/\/maps.google.it\/maps?q=via+canova+15+trieste&amp;oe=utf-8&amp;rls=org.mozilla:it:official&amp;client=firefox-a&amp;um=1&amp;ie=UTF-8&amp;hq=&amp;hnear=Via+Antonio+Canova,+15,+I-34129+Trieste&amp;gl=it&amp;ei=zuSiTdFnw_myBvONvekB&amp;sa=X&amp;oi=geocode_result&amp;ct=title&amp;resnum=1&amp;ved=0CBgQ8gEwAA\"> v ulici Canova<\/a> a Trieste con attivit\u00e0 psicoterapiche e consulenze psicologiche orientate\u00a0alla comprensione, alla\u00a0definizione del problema e alla ricerca di eventuali strategie di trattamento adeguate per le persone che\u00a0soffrono di problemi individuali e familiari,\u00a0problemi di coppia, problemi adolescenziali e del bambino o che hanno bisogno di sostegno alla\u00a0genitorialit\u00e0.<\/p>\n<p>Inoltre effettua consulenze agli\u00a0insegnanti,\u00a0educatori o genitori, consulenze individuali per l\u2019orientamento e per problemi scolastici.<\/p>\n<p>Svolge anche attivit\u00e0 di formazione, di prevenzioni ed interventi nelle scuole o presso istituti privati, pubblici e in casi particolari anche a domicilio. Da anni collabora infatti per esempio in progetti nelle scuole della Provincia di Trieste in collaborazione\u00a0 con la <a href=\"http:\/\/www.regione.fvg.it\/rafvg\/welcome.act?dir=\/rafvg\/cms\/RAFVG\/\">Furlanijo Julijsko krajino<\/a> in <a href=\"http:\/\/www.retecivica.trieste.it\/\"> Ob\u010dino Trst<\/a> (per esempio nel Progetto <a href=\"http:\/\/www.retecivica.trieste.it\/spurg\/default_1.asp\">Spazi urbani in Gioco<\/a>).<\/p>\n<p>Su richiesta opera anche consulenze peritali in collaborazione con gli avvocati ed il pubblico ministero.<\/p>\n<p>E&#8217; socia e lavora come collaboratrice psicologa\/psicoterapeuta per l&#8217;<a href=\"http:\/\/www.bambinieadulti.org\/\">Centra otrok in odraslih Harmonija<\/a>, \u00e8 socia formatrice dell&#8217;<a href=\"http:\/\/www.aiditalia.org\/\">Italijansko zdru\u017eenje za disleksijo<\/a>\u00a0e\u00a0socia della <a href=\"http:\/\/www.cnis.it\">Cnis<\/a>.<iframe src=\"https:\/\/www.youtube.com\/embed\/K0cEmv-U8w4\" width=\"100%\" frameborder=\"0\" allowfullscreen=\"allowfullscreen\"><\/iframe><\/p>\n<p>E&#8217; spesso ospite di trasmissioni televisive e radiofoniche (<a href=\"http:\/\/4d.rtvslo.si\/arhiv\/il-giardino-dei-sogni\/174262161\">Tv Capodistria<\/a>, <a href=\"http:\/\/radioincorso.it\/\" target=\"_blank\" rel=\"noopener noreferrer\">Radioincorso<\/a>, <a href=\"http:\/\/www.radionuovatrieste.it\/\">Radio Nuova Trieste<\/a> e Radio Trst A).<\/p>\n<hr \/>\n<p><strong>Izobra\u017eevanje in usposabljanje<\/strong><\/p>\n<p>Psihologinja <a href=\"http:\/\/psicologo.trieste.it\/sl\/dott-ingrid-bersenda\/it\/dott-ingrid-bersenda\/\">Bersenda<\/a> je diplomirala <a href=\"https:\/\/psicologia.units.it\/\" target=\"_blank\" rel=\"noopener noreferrer\">na Fakulteti Psihologije<\/a>\u00a0na<a href=\"http:\/\/www.units.it\/\" target=\"_blank\" rel=\"noopener noreferrer\">Univerza v Trstu.\u00a0 <\/a><\/p>\n<p>La sua tesi sperimentale di Laurea specialistica si intitola Adattamento socio-emotivo e cognitivo degli immigrati, delle minoranze etniche e delle loro famiglie. I risultati della tesi sono stati discussi al Convegno organizzato dal<a href=\"https:\/\/psicologia.units.it\/\" target=\"_blank\" rel=\"noopener noreferrer\">Oddelek za psihologijo<\/a> na<a href=\"http:\/\/www.units.it\/\" target=\"_blank\" rel=\"noopener noreferrer\">Univerzi v Trstu<\/a> pod pokroviteljstvom<a href=\"http:\/\/www.provincia.trieste.it\/\"> tr\u017ea\u0161ke pokrajine<\/a> - Naslov konference: <a href=\"http:\/\/www-amm.univ.trieste.it\/convegni2.nsf\/7ea71f61d6a88b26c125667c002cae52\/9495153fe7bfa380c125745e00326261\/$FILE\/Universit%C3%A0%20degli%20Studi%20di%20Trieste%20rovincia%20di%20Trieste%20Convegno%20di%20Psicologia.pdf\">Un incontro per bambini e adulti italiani e sloveni di Trieste. I risultati di una ricerca.<\/a><\/p>\n<p>Specializirala se je v sistemski psihoterapiji na <a href=\"http:\/\/www.cmtf.it\/\" target=\"_blank\" rel=\"noopener noreferrer\">Milanskem Centru za dru\u017einsko terapijo<\/a>.<\/p>\n<p>Ha partecipato anche al master in psicologia giuridica (superato con voto finale 60\/60).<\/p>\n<p>Poleg tega je sledila \u0161tevilnim te\u010dajem o <a href=\"http:\/\/psicologo.trieste.it\/sl\/?p=12\">u\u010dnih te\u017eavah<\/a>, sull\u2019autismo, sulla psicologia scolastica, sui <a href=\"http:\/\/psicologo.trieste.it\/sl\/?p=21\">hranjenja<\/a>, sulle dipendenze, sugli abusi, sull\u2019immigrazione, sull\u2019ipnosi, sull\u2019ADHD, sull\u2019adozione nazionale ed internazionale e sulla psicologia in genere.<\/p>\n<hr \/>\n<p><strong>Delovne izku\u0161nje<\/strong><\/p>\n<p>Psihologinja <a href=\"http:\/\/psicologo.trieste.it\/sl\/dott-ingrid-bersenda\/it\/dott-ingrid-bersenda\/\">Bersenda<\/a> ha svolto numerose consulenze e psicoterapie presso il suo studio a Trieste, trattando casi di attacchi di panico, depressione, dipendenze, crisi di coppia, problemi comportamentali ed adolescenziali, disturbi dell\u2019apprendimento e altri disturbi psicologici.<\/p>\n<p>Ha svolto le attivit\u00e0 professionalizzanti come psicologa in formazione presso l\u2019Unit\u00e0 operativa Bambini e Adolescenti del Distretto 1 e del Distretto 2 (Servizio Socio-psicolo-pedagogico Sloveno) dell\u2019<a href=\"http:\/\/www.ass1.sanita.fvg.it\/it\/index.html\" target=\"_blank\" rel=\"noopener noreferrer\">Tr\u017ea\u0161ki Zdravstveni enota \u0161t. 1<\/a> in na Oddelku za Nevropsihiatrijo in pediatri\u010dno nevrologijo v &quot;<a href=\"http:\/\/www.burlo.trieste.it\/\">IRCCS Burlo Garofolo Trst<\/a>.<\/p>\n<p>Ha svolge attivit\u00e0 di collaborazione presso il reparto di Neuropsichiatria e Neurologia Pediatrica dell\u2019IRCCS Burlo Garofolo di Trieste. In particolare ha lavorato per esempio come psicologa nel progetto Alto Friuli.<\/p>\n<p>Ha collaborato come psicologa al progetto di ricerca dell\u2019UNESCO sui disturbi dell\u2019apprendimento, coordinato dal prof. Giacomo Stella (Universit\u00e0 di San Marino).<\/p>\n<p>Delala je kot psiholog za prostovoljno delo <a href=\"http:\/\/www.sipem.org\/\" target=\"_blank\" rel=\"noopener noreferrer\">SiPEM<\/a> in kot tehni\u010dni trener za<a href=\"http:\/\/www.aiditalia.org\/\" target=\"_blank\" rel=\"noopener noreferrer\">Italijansko zdru\u017eenje za disleksijo <\/a>in attivit\u00e0 di ricerca on-line e progetti nelle scuole (per esempio attivit\u00e0 di formazione e supervisione di attivit\u00e0 di screening e prevenzione dei Disturbi specifici dell\u2019apprendimento nelle scuole della provincia di Gorizia).<\/p>\n<p>Raziskovala je in delala kot tutor za univerzitetne \u0161tudente na<a href=\"http:\/\/www.units.it\/\" target=\"_blank\" rel=\"noopener noreferrer\">Univerzi v Trstu<\/a>.<\/p>\n<p>Inoltre ha gestito le attivita\u2019 di esercitazione per il Corso di Psicologia Clinica presso la Facolt\u00e0 di Psicologia dell\u2019Universit\u00e0 degli studi di Trieste.<\/p>\n<p>E\u2019 stata correlatrice al convegno In classe ho un bambino che\u2026. svolto a Firenze a febbraio 2011.<\/p>\n<p>E\u2019 stata inoltre relatrice al convegno nazionale del Centro milanese di Terapia della Famiglia a Genova (2010), Montegrotto (Identit\u00e0 sistemiche \u2013 ottobre 2012) e Palermo (Sfida alla linearit\u00e0 e scenari di complessit\u00e0 nella prevenzione, nella cura e nella riabilitazione \u2013 ottobre 2013).<\/p>\n<hr \/>\n<p><strong>Priznanja <\/strong><\/p>\n<p>Psihologinja <a href=\"http:\/\/psicologo.trieste.it\/sl\/dott-ingrid-bersenda\/it\/dott-ingrid-bersenda\/\">dott. ssa Ingrid Bersenda<\/a> je prejela <a href=\"http:\/\/psicologo.trieste.it\/sl\/?p=77\">1\u00b0 premio della 1\u00b0 edizione Ondina Barduzzi<\/a>.<\/p>\n<p><img loading=\"lazy\" decoding=\"async\" class=\"aligncenter\" src=\"http:\/\/psicologo.trieste.it\/wp-content\/uploads\/2014\/03\/premio.jpg\" alt=\"\" width=\"489\" height=\"323\" \/><\/p>\n<hr \/>\n<p><strong>Objave <\/strong><\/p>\n<ul>\n<li><a href=\"http:\/\/www.giuntiscuola.it\/psicologiaescuola\/la-rivista-di-carta\/psicologia-e-scuola\/mar-apr-2013-n-26\/\" target=\"_blank\" rel=\"noopener noreferrer\">Bersenda I. e Morassi L. (2013) <i>La rappresentazione grafica di se stessi e degli altri nei diversi contesti.<\/i> Psicologia e scuola, 26. Giunti O.S., Milano.<\/a><\/li>\n<\/ul>\n<ul>\n<li>Lonciari I., Bersenda I., Bin M. , Roia A. e Carrozzi M. (2009) <i>Autostima ed attribuzione in un gruppo di ragazzi con Disturbi specifici dell\u2019apprendimento. <\/i>Poster presentato al \u00a02\u00b0<i>Letnem seminarju o odraslih dislektikih<\/i> svolto in data 16 aprile 2009 a Modena (Associazione Italiana Dislessia, Universit\u00e0 degli studi di Modena ed Emilia, Servizio sanitario regionale Emilia-Romagna).<\/li>\n<\/ul>\n<ul>\n<li>Melon C., Englaro G., Bersenda I., Lonciari I., Loik F., Bortolotti E. e Carrozzi M. (2012) <i>Ricerca-Azione Traslazionale: Sensibilizzazione, Formazione e Interventi sui Disturbi specifici dell\u2019apprendimento<\/i>. Poster presentato al Convegno nazionale della C.N.I.S. 2012: <i>Quando educare \u00e8 pi\u00f9 difficile (Ko je izobra\u017eevanje te\u017eje) <\/i>svolto a marzo 2012 a Vicenza (CNIS).<\/li>\n<\/ul>\n<ul>\n<li>Melon C., Bersenda I., Englaro G., Lonciari I., Loik F., Bortolotti E. e Carrozzi M. (2012) <i>Ricerca-Azione Traslazionale: Sensibilizzazione, Formazione e Interventi sui Disturbi specifici dell\u2019apprendimento<\/i>. Poster presentato al<b> <\/b>Convegno nazionale dell\u2019AIRIPA in data 11-13 ottobre 2012 a Bari.<\/li>\n<\/ul>","protected":false},"excerpt":{"rendered":"<p>Chi \u00e8 Ingrid Bersenda? Ingrid Bersenda \u00e8 una professionista\u00a0psicologa e psicoterapeuta, iscritta nell\u2019albo dell\u2019Ordine degli psicologi del Friuli Venezia Giulia \u2013 n\u00b0 1255. Di che cosa si occupa? La dott.ssa Bersenda si occupa prevalentemente della libera professione presso lo studio in via Canova a Trieste con attivit\u00e0 psicoterapiche e consulenze psicologiche orientate\u00a0alla comprensione, alla\u00a0definizione del [&hellip;]<\/p>\n","protected":false},"author":1,"featured_media":85,"comment_status":"closed","ping_status":"open","sticky":false,"template":"","format":"standard","meta":{"footnotes":""},"categories":[9],"tags":[28,29],"class_list":["post-87","post","type-post","status-publish","format-standard","has-post-thumbnail","category-dott-ingrid-bersenda","tag-psicologo-trieste","tag-psicoterapeuta-trieste","czr-hentry"],"aioseo_notices":[],"aioseo_head":"\n\t\t<!-- All in One SEO 5.0.0.1 - aioseo.com -->\n\t<meta name=\"description\" content=\"Chi \u00e8 Ingrid Bersenda? Ingrid Bersenda \u00e8 una professionista psicologa e psicoterapeuta, iscritta nell\u2019albo dell\u2019Ordine degli psicologi del Friuli Venezia Giulia \u2013 n\u00b0 1255. Di che cosa si occupa? La dott.ssa Bersenda si occupa prevalentemente della libera professione presso lo studio in via Canova a Trieste con attivit\u00e0 psicoterapiche e consulenze psicologiche orientate alla comprensione, alla definizione del\" \/>\n\t<meta name=\"robots\" content=\"max-image-preview:large\" \/>\n\t<meta name=\"author\" content=\"idt-adm-b382ee\"\/>\n\t<link rel=\"canonical\" href=\"https:\/\/psicologo.trieste.it\/sl\/dott-ingrid-bersenda\/dott-ingrid-bersenda\" \/>\n\t<meta name=\"generator\" content=\"All in One SEO (AIOSEO) 5.0.0.1\" \/>\n\t\t<meta property=\"og:locale\" content=\"sl_SI\" \/>\n\t\t<meta property=\"og:site_name\" content=\"Psicologo Trieste |\" \/>\n\t\t<meta property=\"og:type\" content=\"article\" \/>\n\t\t<meta property=\"og:title\" content=\"Dott. Ingrid Bersenda | Psicologo Trieste\" \/>\n\t\t<meta property=\"og:description\" content=\"Chi \u00e8 Ingrid Bersenda? Ingrid Bersenda \u00e8 una professionista psicologa e psicoterapeuta, iscritta nell\u2019albo dell\u2019Ordine degli psicologi del Friuli Venezia Giulia \u2013 n\u00b0 1255. Di che cosa si occupa? La dott.ssa Bersenda si occupa prevalentemente della libera professione presso lo studio in via Canova a Trieste con attivit\u00e0 psicoterapiche e consulenze psicologiche orientate alla comprensione, alla definizione del\" \/>\n\t\t<meta property=\"og:url\" content=\"https:\/\/psicologo.trieste.it\/sl\/dott-ingrid-bersenda\/dott-ingrid-bersenda\" \/>\n\t\t<meta property=\"article:published_time\" content=\"2010-07-18T09:25:28+00:00\" \/>\n\t\t<meta property=\"article:modified_time\" content=\"2020-04-02T15:57:38+00:00\" \/>\n\t\t<meta name=\"twitter:card\" content=\"summary\" \/>\n\t\t<meta name=\"twitter:title\" content=\"Dott. Ingrid Bersenda | Psicologo Trieste\" \/>\n\t\t<meta name=\"twitter:description\" content=\"Chi \u00e8 Ingrid Bersenda? Ingrid Bersenda \u00e8 una professionista psicologa e psicoterapeuta, iscritta nell\u2019albo dell\u2019Ordine degli psicologi del Friuli Venezia Giulia \u2013 n\u00b0 1255. Di che cosa si occupa? La dott.ssa Bersenda si occupa prevalentemente della libera professione presso lo studio in via Canova a Trieste con attivit\u00e0 psicoterapiche e consulenze psicologiche orientate alla comprensione, alla definizione del\" \/>\n\t\t<script type=\"application\/ld+json\" class=\"aioseo-schema\">\n\t\t\t{\"@context\":\"https:\\\/\\\/schema.org\",\"@graph\":[{\"@type\":\"Article\",\"@id\":\"https:\\\/\\\/psicologo.trieste.it\\\/sl\\\/dott-ingrid-bersenda\\\/dott-ingrid-bersenda#article\",\"name\":\"Dott. Ingrid Bersenda | Psicologo Trieste\",\"headline\":\"Dott. Ingrid Bersenda\",\"author\":{\"@id\":\"https:\\\/\\\/psicologo.trieste.it\\\/sl\\\/author\\\/idt-adm-b382ee#author\"},\"publisher\":{\"@id\":\"https:\\\/\\\/psicologo.trieste.it\\\/sl\\\/#organization\"},\"image\":{\"@type\":\"ImageObject\",\"url\":\"https:\\\/\\\/psicologo.trieste.it\\\/wp-content\\\/uploads\\\/2010\\\/07\\\/nagrada ondi_8.jpg\",\"width\":2136,\"height\":3216},\"datePublished\":\"2010-07-18T11:25:28+02:00\",\"dateModified\":\"2020-04-02T17:57:38+02:00\",\"inLanguage\":\"sl-SI\",\"mainEntityOfPage\":{\"@id\":\"https:\\\/\\\/psicologo.trieste.it\\\/sl\\\/dott-ingrid-bersenda\\\/dott-ingrid-bersenda#webpage\"},\"isPartOf\":{\"@id\":\"https:\\\/\\\/psicologo.trieste.it\\\/sl\\\/dott-ingrid-bersenda\\\/dott-ingrid-bersenda#webpage\"},\"articleSection\":\"Dott. Ingrid Bersenda, psicologo trieste, psicoterapeuta trieste\"},{\"@type\":\"BreadcrumbList\",\"@id\":\"https:\\\/\\\/psicologo.trieste.it\\\/sl\\\/dott-ingrid-bersenda\\\/dott-ingrid-bersenda#breadcrumblist\",\"itemListElement\":[{\"@type\":\"ListItem\",\"@id\":\"https:\\\/\\\/psicologo.trieste.it\\\/sl#listItem\",\"position\":1,\"name\":\"Home\",\"item\":\"https:\\\/\\\/psicologo.trieste.it\\\/sl\",\"nextItem\":{\"@type\":\"ListItem\",\"@id\":\"https:\\\/\\\/psicologo.trieste.it\\\/sl\\\/category\\\/dott-ingrid-bersenda#listItem\",\"name\":\"Dott. Ingrid Bersenda\"}},{\"@type\":\"ListItem\",\"@id\":\"https:\\\/\\\/psicologo.trieste.it\\\/sl\\\/category\\\/dott-ingrid-bersenda#listItem\",\"position\":2,\"name\":\"Dott. Ingrid Bersenda\",\"item\":\"https:\\\/\\\/psicologo.trieste.it\\\/sl\\\/category\\\/dott-ingrid-bersenda\",\"nextItem\":{\"@type\":\"ListItem\",\"@id\":\"https:\\\/\\\/psicologo.trieste.it\\\/sl\\\/dott-ingrid-bersenda\\\/dott-ingrid-bersenda#listItem\",\"name\":\"Dott. Ingrid Bersenda\"},\"previousItem\":{\"@type\":\"ListItem\",\"@id\":\"https:\\\/\\\/psicologo.trieste.it\\\/sl#listItem\",\"name\":\"Home\"}},{\"@type\":\"ListItem\",\"@id\":\"https:\\\/\\\/psicologo.trieste.it\\\/sl\\\/dott-ingrid-bersenda\\\/dott-ingrid-bersenda#listItem\",\"position\":3,\"name\":\"Dott. Ingrid Bersenda\",\"previousItem\":{\"@type\":\"ListItem\",\"@id\":\"https:\\\/\\\/psicologo.trieste.it\\\/sl\\\/category\\\/dott-ingrid-bersenda#listItem\",\"name\":\"Dott. Ingrid Bersenda\"}}]},{\"@type\":\"Organization\",\"@id\":\"https:\\\/\\\/psicologo.trieste.it\\\/sl\\\/#organization\",\"name\":\"Psicologo Trieste\",\"url\":\"https:\\\/\\\/psicologo.trieste.it\\\/sl\\\/\"},{\"@type\":\"Person\",\"@id\":\"https:\\\/\\\/psicologo.trieste.it\\\/sl\\\/author\\\/idt-adm-b382ee#author\",\"url\":\"https:\\\/\\\/psicologo.trieste.it\\\/sl\\\/author\\\/idt-adm-b382ee\",\"name\":\"idt-adm-b382ee\",\"image\":{\"@type\":\"ImageObject\",\"@id\":\"https:\\\/\\\/psicologo.trieste.it\\\/sl\\\/dott-ingrid-bersenda\\\/dott-ingrid-bersenda#authorImage\",\"url\":\"https:\\\/\\\/secure.gravatar.com\\\/avatar\\\/ffb2ce3998f5d3426dd6ebd3b61243623cbfbc28474e722b4aeeae30f549599d?s=96&d=mm&r=g\",\"width\":96,\"height\":96,\"caption\":\"idt-adm-b382ee\"}},{\"@type\":\"WebPage\",\"@id\":\"https:\\\/\\\/psicologo.trieste.it\\\/sl\\\/dott-ingrid-bersenda\\\/dott-ingrid-bersenda#webpage\",\"url\":\"https:\\\/\\\/psicologo.trieste.it\\\/sl\\\/dott-ingrid-bersenda\\\/dott-ingrid-bersenda\",\"name\":\"Dott. Ingrid Bersenda | Psicologo Trieste\",\"description\":\"Chi \\u00e8 Ingrid Bersenda? Ingrid Bersenda \\u00e8 una professionista psicologa e psicoterapeuta, iscritta nell\\u2019albo dell\\u2019Ordine degli psicologi del Friuli Venezia Giulia \\u2013 n\\u00b0 1255. Di che cosa si occupa? La dott.ssa Bersenda si occupa prevalentemente della libera professione presso lo studio in via Canova a Trieste con attivit\\u00e0 psicoterapiche e consulenze psicologiche orientate alla comprensione, alla definizione del\",\"inLanguage\":\"sl-SI\",\"isPartOf\":{\"@id\":\"https:\\\/\\\/psicologo.trieste.it\\\/sl\\\/#website\"},\"breadcrumb\":{\"@id\":\"https:\\\/\\\/psicologo.trieste.it\\\/sl\\\/dott-ingrid-bersenda\\\/dott-ingrid-bersenda#breadcrumblist\"},\"author\":{\"@id\":\"https:\\\/\\\/psicologo.trieste.it\\\/sl\\\/author\\\/idt-adm-b382ee#author\"},\"creator\":{\"@id\":\"https:\\\/\\\/psicologo.trieste.it\\\/sl\\\/author\\\/idt-adm-b382ee#author\"},\"image\":{\"@type\":\"ImageObject\",\"url\":\"https:\\\/\\\/psicologo.trieste.it\\\/wp-content\\\/uploads\\\/2010\\\/07\\\/nagrada ondi_8.jpg\",\"@id\":\"https:\\\/\\\/psicologo.trieste.it\\\/sl\\\/dott-ingrid-bersenda\\\/dott-ingrid-bersenda\\\/#mainImage\",\"width\":2136,\"height\":3216},\"primaryImageOfPage\":{\"@id\":\"https:\\\/\\\/psicologo.trieste.it\\\/sl\\\/dott-ingrid-bersenda\\\/dott-ingrid-bersenda#mainImage\"},\"datePublished\":\"2010-07-18T11:25:28+02:00\",\"dateModified\":\"2020-04-02T17:57:38+02:00\"},{\"@type\":\"WebSite\",\"@id\":\"https:\\\/\\\/psicologo.trieste.it\\\/sl\\\/#website\",\"url\":\"https:\\\/\\\/psicologo.trieste.it\\\/sl\\\/\",\"name\":\"Psicologo Trieste\",\"inLanguage\":\"sl-SI\",\"publisher\":{\"@id\":\"https:\\\/\\\/psicologo.trieste.it\\\/sl\\\/#organization\"}}]}\n\t\t<\/script>\n\t\t<!-- All in One SEO -->\n\n","aioseo_head_json":{"title":"Dott. Ingrid Bersenda | Psicologo Trieste","description":"Chi \u00e8 Ingrid Bersenda? Ingrid Bersenda \u00e8 una professionista psicologa e psicoterapeuta, iscritta nell\u2019albo dell\u2019Ordine degli psicologi del Friuli Venezia Giulia \u2013 n\u00b0 1255. Di che cosa si occupa? La dott.ssa Bersenda si occupa prevalentemente della libera professione presso lo studio in via Canova a Trieste con attivit\u00e0 psicoterapiche e consulenze psicologiche orientate alla comprensione, alla definizione del","canonical_url":"https:\/\/psicologo.trieste.it\/sl\/dott-ingrid-bersenda\/dott-ingrid-bersenda","robots":"max-image-preview:large","keywords":"","webmasterTools":{"miscellaneous":""},"schema":{"@context":"https:\/\/schema.org","@graph":[{"@type":"Article","@id":"https:\/\/psicologo.trieste.it\/sl\/dott-ingrid-bersenda\/dott-ingrid-bersenda#article","name":"Dott. Ingrid Bersenda | Psicologo Trieste","headline":"Dott. Ingrid Bersenda","author":{"@id":"https:\/\/psicologo.trieste.it\/sl\/author\/idt-adm-b382ee#author"},"publisher":{"@id":"https:\/\/psicologo.trieste.it\/sl\/#organization"},"image":{"@type":"ImageObject","url":"https:\/\/psicologo.trieste.it\/wp-content\/uploads\/2010\/07\/nagrada ondi_8.jpg","width":2136,"height":3216},"datePublished":"2010-07-18T11:25:28+02:00","dateModified":"2020-04-02T17:57:38+02:00","inLanguage":"sl-SI","mainEntityOfPage":{"@id":"https:\/\/psicologo.trieste.it\/sl\/dott-ingrid-bersenda\/dott-ingrid-bersenda#webpage"},"isPartOf":{"@id":"https:\/\/psicologo.trieste.it\/sl\/dott-ingrid-bersenda\/dott-ingrid-bersenda#webpage"},"articleSection":"Dott. Ingrid Bersenda, psicologo trieste, psicoterapeuta trieste"},{"@type":"BreadcrumbList","@id":"https:\/\/psicologo.trieste.it\/sl\/dott-ingrid-bersenda\/dott-ingrid-bersenda#breadcrumblist","itemListElement":[{"@type":"ListItem","@id":"https:\/\/psicologo.trieste.it\/sl#listItem","position":1,"name":"Home","item":"https:\/\/psicologo.trieste.it\/sl","nextItem":{"@type":"ListItem","@id":"https:\/\/psicologo.trieste.it\/sl\/category\/dott-ingrid-bersenda#listItem","name":"Dott. Ingrid Bersenda"}},{"@type":"ListItem","@id":"https:\/\/psicologo.trieste.it\/sl\/category\/dott-ingrid-bersenda#listItem","position":2,"name":"Dott. Ingrid Bersenda","item":"https:\/\/psicologo.trieste.it\/sl\/category\/dott-ingrid-bersenda","nextItem":{"@type":"ListItem","@id":"https:\/\/psicologo.trieste.it\/sl\/dott-ingrid-bersenda\/dott-ingrid-bersenda#listItem","name":"Dott. Ingrid Bersenda"},"previousItem":{"@type":"ListItem","@id":"https:\/\/psicologo.trieste.it\/sl#listItem","name":"Home"}},{"@type":"ListItem","@id":"https:\/\/psicologo.trieste.it\/sl\/dott-ingrid-bersenda\/dott-ingrid-bersenda#listItem","position":3,"name":"Dott. Ingrid Bersenda","previousItem":{"@type":"ListItem","@id":"https:\/\/psicologo.trieste.it\/sl\/category\/dott-ingrid-bersenda#listItem","name":"Dott. Ingrid Bersenda"}}]},{"@type":"Organization","@id":"https:\/\/psicologo.trieste.it\/sl\/#organization","name":"Psicologo Trieste","url":"https:\/\/psicologo.trieste.it\/sl\/"},{"@type":"Person","@id":"https:\/\/psicologo.trieste.it\/sl\/author\/idt-adm-b382ee#author","url":"https:\/\/psicologo.trieste.it\/sl\/author\/idt-adm-b382ee","name":"idt-adm-b382ee","image":{"@type":"ImageObject","@id":"https:\/\/psicologo.trieste.it\/sl\/dott-ingrid-bersenda\/dott-ingrid-bersenda#authorImage","url":"https:\/\/secure.gravatar.com\/avatar\/ffb2ce3998f5d3426dd6ebd3b61243623cbfbc28474e722b4aeeae30f549599d?s=96&d=mm&r=g","width":96,"height":96,"caption":"idt-adm-b382ee"}},{"@type":"WebPage","@id":"https:\/\/psicologo.trieste.it\/sl\/dott-ingrid-bersenda\/dott-ingrid-bersenda#webpage","url":"https:\/\/psicologo.trieste.it\/sl\/dott-ingrid-bersenda\/dott-ingrid-bersenda","name":"Dott. Ingrid Bersenda | Psicologo Trieste","description":"Chi \u00e8 Ingrid Bersenda? Ingrid Bersenda \u00e8 una professionista psicologa e psicoterapeuta, iscritta nell\u2019albo dell\u2019Ordine degli psicologi del Friuli Venezia Giulia \u2013 n\u00b0 1255. Di che cosa si occupa? La dott.ssa Bersenda si occupa prevalentemente della libera professione presso lo studio in via Canova a Trieste con attivit\u00e0 psicoterapiche e consulenze psicologiche orientate alla comprensione, alla definizione del","inLanguage":"sl-SI","isPartOf":{"@id":"https:\/\/psicologo.trieste.it\/sl\/#website"},"breadcrumb":{"@id":"https:\/\/psicologo.trieste.it\/sl\/dott-ingrid-bersenda\/dott-ingrid-bersenda#breadcrumblist"},"author":{"@id":"https:\/\/psicologo.trieste.it\/sl\/author\/idt-adm-b382ee#author"},"creator":{"@id":"https:\/\/psicologo.trieste.it\/sl\/author\/idt-adm-b382ee#author"},"image":{"@type":"ImageObject","url":"https:\/\/psicologo.trieste.it\/wp-content\/uploads\/2010\/07\/nagrada ondi_8.jpg","@id":"https:\/\/psicologo.trieste.it\/sl\/dott-ingrid-bersenda\/dott-ingrid-bersenda\/#mainImage","width":2136,"height":3216},"primaryImageOfPage":{"@id":"https:\/\/psicologo.trieste.it\/sl\/dott-ingrid-bersenda\/dott-ingrid-bersenda#mainImage"},"datePublished":"2010-07-18T11:25:28+02:00","dateModified":"2020-04-02T17:57:38+02:00"},{"@type":"WebSite","@id":"https:\/\/psicologo.trieste.it\/sl\/#website","url":"https:\/\/psicologo.trieste.it\/sl\/","name":"Psicologo Trieste","inLanguage":"sl-SI","publisher":{"@id":"https:\/\/psicologo.trieste.it\/sl\/#organization"}}]},"og:locale":"sl_SI","og:site_name":"Psicologo Trieste |","og:type":"article","og:title":"Dott. Ingrid Bersenda | Psicologo Trieste","og:description":"Chi \u00e8 Ingrid Bersenda? Ingrid Bersenda \u00e8 una professionista psicologa e psicoterapeuta, iscritta nell\u2019albo dell\u2019Ordine degli psicologi del Friuli Venezia Giulia \u2013 n\u00b0 1255. Di che cosa si occupa? La dott.ssa Bersenda si occupa prevalentemente della libera professione presso lo studio in via Canova a Trieste con attivit\u00e0 psicoterapiche e consulenze psicologiche orientate alla comprensione, alla definizione del","og:url":"https:\/\/psicologo.trieste.it\/sl\/dott-ingrid-bersenda\/dott-ingrid-bersenda","article:published_time":"2010-07-18T09:25:28+00:00","article:modified_time":"2020-04-02T15:57:38+00:00","twitter:card":"summary","twitter:title":"Dott. Ingrid Bersenda | Psicologo Trieste","twitter:description":"Chi \u00e8 Ingrid Bersenda? Ingrid Bersenda \u00e8 una professionista psicologa e psicoterapeuta, iscritta nell\u2019albo dell\u2019Ordine degli psicologi del Friuli Venezia Giulia \u2013 n\u00b0 1255. Di che cosa si occupa? La dott.ssa Bersenda si occupa prevalentemente della libera professione presso lo studio in via Canova a Trieste con attivit\u00e0 psicoterapiche e consulenze psicologiche orientate alla comprensione, alla definizione del"},"aioseo_meta_data":{"post_id":"87","title":null,"description":null,"keywords":null,"keyphrases":null,"primary_term":null,"canonical_url":null,"og_title":null,"og_description":null,"og_object_type":"default","og_image_type":"default","og_image_url":null,"og_image_width":null,"og_image_height":null,"og_image_custom_url":null,"og_image_custom_fields":null,"og_video":null,"og_custom_url":null,"og_article_section":null,"og_article_tags":null,"twitter_use_og":false,"twitter_card":"default","twitter_image_type":"default","twitter_image_url":null,"twitter_image_custom_url":null,"twitter_image_custom_fields":null,"twitter_title":null,"twitter_description":null,"schema":{"blockGraphs":[],"customGraphs":[],"default":{"data":{"Article":[],"Course":[],"Dataset":[],"FAQPage":[],"Movie":[],"Person":[],"Product":[],"ProductReview":[],"Car":[],"Recipe":[],"Service":[],"SoftwareApplication":[],"WebPage":[]},"graphName":"Article","isEnabled":true},"graphs":[]},"schema_type":null,"schema_type_options":null,"pillar_content":false,"robots_default":true,"robots_noindex":false,"robots_noarchive":false,"robots_nosnippet":false,"robots_nofollow":false,"robots_noimageindex":false,"robots_noodp":false,"robots_notranslate":false,"robots_max_snippet":null,"robots_max_videopreview":null,"robots_max_imagepreview":"large","priority":null,"frequency":null,"local_seo":null,"breadcrumb_settings":null,"limit_modified_date":false,"ai":null,"created":"2021-08-18 12:03:13","updated":"2025-10-18 12:07:49","focus_keyword":null,"additional_keywords":null,"truseo_locale":null,"seo_analyzer_scan_date":null},"aioseo_breadcrumb":"<div class=\"aioseo-breadcrumbs\"><span class=\"aioseo-breadcrumb\">\n\t\t\t<a href=\"https:\/\/psicologo.trieste.it\/sl\" title=\"Home\">Home<\/a>\n\t\t<\/span><span class=\"aioseo-breadcrumb-separator\">&raquo;<\/span><span class=\"aioseo-breadcrumb\">\n\t\t\t<a href=\"https:\/\/psicologo.trieste.it\/sl\/category\/dott-ingrid-bersenda\" title=\"Dott. Ingrid Bersenda\">Dott. Ingrid Bersenda<\/a>\n\t\t<\/span><span class=\"aioseo-breadcrumb-separator\">&raquo;<\/span><span class=\"aioseo-breadcrumb\">\n\t\t\tDott. Ingrid Bersenda\n\t\t<\/span><\/div>","aioseo_breadcrumb_json":[{"label":"Home","link":"https:\/\/psicologo.trieste.it\/sl"},{"label":"Dott. Ingrid Bersenda","link":"https:\/\/psicologo.trieste.it\/sl\/category\/dott-ingrid-bersenda"},{"label":"Dott. Ingrid Bersenda","link":"https:\/\/psicologo.trieste.it\/sl\/dott-ingrid-bersenda\/dott-ingrid-bersenda"}],"_links":{"self":[{"href":"https:\/\/psicologo.trieste.it\/sl\/wp-json\/wp\/v2\/posts\/87","targetHints":{"allow":["GET"]}}],"collection":[{"href":"https:\/\/psicologo.trieste.it\/sl\/wp-json\/wp\/v2\/posts"}],"about":[{"href":"https:\/\/psicologo.trieste.it\/sl\/wp-json\/wp\/v2\/types\/post"}],"author":[{"embeddable":true,"href":"https:\/\/psicologo.trieste.it\/sl\/wp-json\/wp\/v2\/users\/1"}],"replies":[{"embeddable":true,"href":"https:\/\/psicologo.trieste.it\/sl\/wp-json\/wp\/v2\/comments?post=87"}],"version-history":[{"count":18,"href":"https:\/\/psicologo.trieste.it\/sl\/wp-json\/wp\/v2\/posts\/87\/revisions"}],"predecessor-version":[{"id":931,"href":"https:\/\/psicologo.trieste.it\/sl\/wp-json\/wp\/v2\/posts\/87\/revisions\/931"}],"wp:featuredmedia":[{"embeddable":true,"href":"https:\/\/psicologo.trieste.it\/sl\/wp-json\/wp\/v2\/media\/85"}],"wp:attachment":[{"href":"https:\/\/psicologo.trieste.it\/sl\/wp-json\/wp\/v2\/media?parent=87"}],"wp:term":[{"taxonomy":"category","embeddable":true,"href":"https:\/\/psicologo.trieste.it\/sl\/wp-json\/wp\/v2\/categories?post=87"},{"taxonomy":"post_tag","embeddable":true,"href":"https:\/\/psicologo.trieste.it\/sl\/wp-json\/wp\/v2\/tags?post=87"}],"curies":[{"name":"wp","href":"https:\/\/api.w.org\/{rel}","templated":true}]}}